{"id":113281,"date":"2021-03-17T18:04:24","date_gmt":"2021-03-17T22:04:24","guid":{"rendered":"https:\/\/linitiative.ca\/International\/cameroun-le-mintransport-met-en-garde-contre-larnaque-des-agents-de-prevention-routiere\/"},"modified":"2021-03-17T18:04:24","modified_gmt":"2021-03-17T22:04:24","slug":"cameroun-le-mintransport-met-en-garde-contre-larnaque-des-agents-de-prevention-routiere","status":"publish","type":"post","link":"https:\/\/linitiative.ca\/International\/cameroun-le-mintransport-met-en-garde-contre-larnaque-des-agents-de-prevention-routiere\/","title":{"rendered":"Cameroun : le Mintransport met en garde contre l\u2019arnaque des agents de pr\u00e9vention routi\u00e8re"},"content":{"rendered":"<div readability=\"32\">\n<p>Publi\u00e9 le 16.03.2021 \u00e0 18h50 par Journal du Cameroun<\/p>\n<\/div>\n<div readability=\"47\">\n<h5 class=\"c8\">Dans une note publi\u00e9e sur son support de communication en ligne, le minist\u00e8re des Transports donne des indices pour reconnaitre un agent v\u00e9reux de la pr\u00e9vention routi\u00e8re.<\/h5>\n<p class=\"c9\">Le d\u00e9partement que dirige Ernest Ngalle Bibehe conseille d\u2019interroger quelques fois l\u2019agent qui effectue le contr\u00f4le sur un grand axe. \u00ab\u00a0<em>Demandez-lui poliment sa lettre de mission autorisant sa pr\u00e9sence en route<\/em>\u00a0\u00bb, car pr\u00e9cise\u00a0 le Mintransport, la p\u00e9riode de la mission est signal\u00e9e sur une lettre.<\/p>\n<p class=\"c9\">D\u2019autres astuces sont donn\u00e9es aux usagers. \u00ab\u00a0<em>II n\u2019y a qu\u2019un Officier de police judiciaire \u00e0 comp\u00e9tence sp\u00e9ciale du Minist\u00e8re des Transports qui peut vous verbaliser\u00a0; les contr\u00f4les des agents de pr\u00e9vention routi\u00e8re du minist\u00e8re des Transports ne se font pas le week-end et la nuit\u00a0; les agents de pr\u00e9vention routi\u00e8re du minist\u00e8re des Transports sont habill\u00e9s avec des polos ou des chasubles de couleur orange\u00a0; l\u2019utilisation de la herse est interdite<\/em>\u00a0\u00bb.<\/p>\n<p class=\"c9\">Ainsi, si aucune condition sus \u00e9voqu\u00e9e n\u2019est remplie, l\u2019usager peut se rendre \u00e0 l\u2019\u00e9vidence qu\u2019il est en face d\u2019arnaqueurs. Il peut doit refuser d\u2019\u00eatre contr\u00f4l\u00e9.<\/p>\n<\/div>\n<p>Auteur: Christian DJIMADEU<br \/>\n<a href=\"https:\/\/www.journalducameroun.com\/cameroun-le-mintransport-met-en-garde-contre-larnaque-des-agents-de-prevention-routiere\/\">Cliquez ici pour lire l&rsquo;article depuis sa source.<\/a><\/p>\n","protected":false},"excerpt":{"rendered":"<p>Publi\u00e9 le 16.03.2021 \u00e0 18h50 par Journal du Cameroun Dans une note publi\u00e9e sur son support de communication en ligne, le minist\u00e8re des Transports donne des indices pour reconnaitre un agent v\u00e9reux de la pr\u00e9vention routi\u00e8re. Le d\u00e9partement que dirige Ernest Ngalle Bibehe conseille d\u2019interroger quelques fois l\u2019agent qui effectue le contr\u00f4le sur un grand [&hellip;]<\/p>\n","protected":false},"author":1965,"featured_media":0,"comment_status":"closed","ping_status":"closed","sticky":false,"template":"","format":"standard","meta":{"fifu_image_url":"","fifu_image_alt":"","footnotes":""},"categories":[73,82],"tags":[],"class_list":["post-113281","post","type-post","status-publish","format-standard","hentry","category-actualite","category-cameroun"],"_links":{"self":[{"href":"https:\/\/linitiative.ca\/International\/wp-json\/wp\/v2\/posts\/113281","targetHints":{"allow":["GET"]}}],"collection":[{"href":"https:\/\/linitiative.ca\/International\/wp-json\/wp\/v2\/posts"}],"about":[{"href":"https:\/\/linitiative.ca\/International\/wp-json\/wp\/v2\/types\/post"}],"author":[{"embeddable":true,"href":"https:\/\/linitiative.ca\/International\/wp-json\/wp\/v2\/users\/1965"}],"replies":[{"embeddable":true,"href":"https:\/\/linitiative.ca\/International\/wp-json\/wp\/v2\/comments?post=113281"}],"version-history":[{"count":0,"href":"https:\/\/linitiative.ca\/International\/wp-json\/wp\/v2\/posts\/113281\/revisions"}],"wp:attachment":[{"href":"https:\/\/linitiative.ca\/International\/wp-json\/wp\/v2\/media?parent=113281"}],"wp:term":[{"taxonomy":"category","embeddable":true,"href":"https:\/\/linitiative.ca\/International\/wp-json\/wp\/v2\/categories?post=113281"},{"taxonomy":"post_tag","embeddable":true,"href":"https:\/\/linitiative.ca\/International\/wp-json\/wp\/v2\/tags?post=113281"}],"curies":[{"name":"wp","href":"https:\/\/api.w.org\/{rel}","templated":true}]}}