{"id":113283,"date":"2021-03-17T12:08:11","date_gmt":"2021-03-17T16:08:11","guid":{"rendered":"https:\/\/linitiative.ca\/International\/les-elections-au-parlement-prevues-pour-demain\/"},"modified":"2021-03-17T12:08:11","modified_gmt":"2021-03-17T16:08:11","slug":"les-elections-au-parlement-prevues-pour-demain","status":"publish","type":"post","link":"https:\/\/linitiative.ca\/International\/les-elections-au-parlement-prevues-pour-demain\/","title":{"rendered":"Les \u00e9lections au Parlement pr\u00e9vues pour demain"},"content":{"rendered":"<p>Selon toute vraisemblance, les \u00e9lections des Bureaux de l\u2019Assembl\u00e9e nationale et du S\u00e9nat auront lieu ce jeudi 18 mars. Une correspondance du Secr\u00e9taire g\u00e9n\u00e9ral du Rassemblement d\u00e9mocratique du peuple camerounais (Rdpc), a \u00e9t\u00e9 envoy\u00e9e aux parlementaires ce jour.\u00a0\u00a0\u00ab\u00a0<em>Le Secr\u00e9taire g\u00e9n\u00e9ral du Comit\u00e9 central du Rassemblement d\u00e9mocratique du peuple camerounais\u00a0; Monsieur Jean Nkuete communique\u00a0: Les parlementaires des Groupes Rdpc \u00e0 l\u2019Assembl\u00e9e nationale et au S\u00e9nat sont convi\u00e9s \u00e0 des importances s\u00e9ances de travail\u00a0\u00a0qui se tiendront le jeudi 18 mars 2021 au Palais des Congr\u00e8s de Yaound\u00e9 suivant le planning ci apr\u00e8s. 10 heures Groupe parlementaire Rdpc \u00e0 l\u2019Assembl\u00e9e nationale. 11 heures Groupe parlementaire Rdpc au S\u00e9nat\u00a0\u00bb.<\/em><\/p>\n<p>Une convocation qui se veut traditionnellement un indicateur de la tenue des \u00e9lections au sein des deux Chambres durant le mois de Mars. En effet, cette\u00a0\u00a0concertation au sein du Rdpc permet au Secr\u00e9taire g\u00e9n\u00e9ral de donner les noms des pr\u00e9sidents de l\u2019Assembl\u00e9e nationale et du S\u00e9nat, choisis par Paul Biya.<\/p>\n<p>La Chambre Basse du Parlement, comme il est de coutume, ouvrira le bal au cours d\u2019une pl\u00e9ni\u00e8re pr\u00e9vue \u00e0 11 h 30 ce jeudi. La Chambre Haute du parlement quant \u00e0 elle, n\u2019a pas encore d\u00e9cid\u00e9\u00a0de l\u2019heure de la tenue de son \u00e9lection. Toutefois, cette derni\u00e8re tient g\u00e9n\u00e9ralement ses travaux dans l\u2019apr\u00e8s-midi.<\/p>\n<p><strong>Oisivet\u00e9<\/strong><\/p>\n<p>La tenue des \u00e9lections ce jeudi vient mettre un terme \u00e0 quasiment une semaine d\u2019oisivet\u00e9. Les parlementaires n\u2019ont pas foul\u00e9 le sol des h\u00e9micycles depuis l\u2019ouverture de la session le jeudi 11 mars dernier. Si \u00e0 l\u2019Assembl\u00e9e nationale, la visite d\u2019une exposition au Mus\u00e9e national et une r\u00e9ception \u00e0 l\u2019intention des femmes d\u00e9put\u00e9es ont meubl\u00e9 cette semaine, au S\u00e9nat aucune activit\u00e9 n\u2019a eu lieu.<\/p>\n<p>Auteur: EcoMatin<br \/>\n<a href=\"https:\/\/ecomatin.net\/les-elections-au-parlement-prevues-pour-demain\/\">Cliquez ici pour lire l&rsquo;article depuis sa source.<\/a><\/p>\n","protected":false},"excerpt":{"rendered":"<p>Selon toute vraisemblance, les \u00e9lections des Bureaux de l\u2019Assembl\u00e9e nationale et du S\u00e9nat auront lieu ce jeudi 18 mars. Une correspondance du Secr\u00e9taire g\u00e9n\u00e9ral du Rassemblement d\u00e9mocratique du peuple camerounais (Rdpc), a \u00e9t\u00e9 envoy\u00e9e aux parlementaires ce jour.\u00a0\u00a0\u00ab\u00a0Le Secr\u00e9taire g\u00e9n\u00e9ral du Comit\u00e9 central du Rassemblement d\u00e9mocratique du peuple camerounais\u00a0; Monsieur Jean Nkuete communique\u00a0: Les parlementaires [&hellip;]<\/p>\n","protected":false},"author":1969,"featured_media":0,"comment_status":"closed","ping_status":"closed","sticky":false,"template":"","format":"standard","meta":{"fifu_image_url":"","fifu_image_alt":"","footnotes":""},"categories":[82,78],"tags":[],"class_list":["post-113283","post","type-post","status-publish","format-standard","hentry","category-cameroun","category-economie"],"_links":{"self":[{"href":"https:\/\/linitiative.ca\/International\/wp-json\/wp\/v2\/posts\/113283","targetHints":{"allow":["GET"]}}],"collection":[{"href":"https:\/\/linitiative.ca\/International\/wp-json\/wp\/v2\/posts"}],"about":[{"href":"https:\/\/linitiative.ca\/International\/wp-json\/wp\/v2\/types\/post"}],"author":[{"embeddable":true,"href":"https:\/\/linitiative.ca\/International\/wp-json\/wp\/v2\/users\/1969"}],"replies":[{"embeddable":true,"href":"https:\/\/linitiative.ca\/International\/wp-json\/wp\/v2\/comments?post=113283"}],"version-history":[{"count":0,"href":"https:\/\/linitiative.ca\/International\/wp-json\/wp\/v2\/posts\/113283\/revisions"}],"wp:attachment":[{"href":"https:\/\/linitiative.ca\/International\/wp-json\/wp\/v2\/media?parent=113283"}],"wp:term":[{"taxonomy":"category","embeddable":true,"href":"https:\/\/linitiative.ca\/International\/wp-json\/wp\/v2\/categories?post=113283"},{"taxonomy":"post_tag","embeddable":true,"href":"https:\/\/linitiative.ca\/International\/wp-json\/wp\/v2\/tags?post=113283"}],"curies":[{"name":"wp","href":"https:\/\/api.w.org\/{rel}","templated":true}]}}