{"id":113285,"date":"2021-03-17T12:25:12","date_gmt":"2021-03-17T16:25:12","guid":{"rendered":"https:\/\/linitiative.ca\/International\/les-ministres-des-finances-africains-en-conclave-sur-la-zlecaf\/"},"modified":"2021-03-17T12:25:12","modified_gmt":"2021-03-17T16:25:12","slug":"les-ministres-des-finances-africains-en-conclave-sur-la-zlecaf","status":"publish","type":"post","link":"https:\/\/linitiative.ca\/International\/les-ministres-des-finances-africains-en-conclave-sur-la-zlecaf\/","title":{"rendered":"Les ministres des finances africains en conclave sur la Zlecaf"},"content":{"rendered":"<p>Du 17 au 23 mars 2021, se tient par visioconf\u00e9rence \u00e0 partir du si\u00e8ge de l\u2019Union Africaine, Addis-Abeba en Ethiopie, la 53<sup>e<\/sup>\u00a0\u00e9dition de la Commission et l\u2019\u00e9dition 2021 de la Conf\u00e9rence des ministres des finances africains, de la planification et du d\u00e9veloppement \u00e9conomique. Edition plac\u00e9e sous le th\u00e8me \u00ab\u00a0l\u2019industrialisation durable et la diversification de l\u2019Afrique \u00e0 l\u2019\u00e8re du num\u00e9rique dans le contexte de la Covid-19\u00a0\u00bb. \u00a0<\/p>\n<p><strong>Lire aussi<\/strong> : <a href=\"https:\/\/ecomatin.net\/zlecaf-un-fonds-de-5%e2%80%af455147-milliards-de-fcfa-pour-les-entreprises-africaines\/\">Zlecaf: un fonds de 5\u202f455,147 milliards de Fcfa pour les entreprises africaines<\/a><\/p>\n<p>Sur le justificatif du th\u00e8me choisit, la Commission \u00e9conomique pour l\u2019Afrique fait savoir que\u00a0: \u00ab\u00a0le th\u00e8me de cette ann\u00e9e englobe la n\u00e9cessit\u00e9 pour les pays africains d\u2019atteindre une croissance \u00e9conomique rapide gr\u00e2ce \u00e0 une industrialisation et une diversification respectueuses de l\u2019environnement tout en tirant parti de la num\u00e9risation. Intensifier la num\u00e9risation en Afrique pourrait \u00eatre transformationnelle, aidant l\u2019Afrique \u00e0 s\u2019industrialiser durablement et \u00e0 se diversifier au sein d\u2019une \u00e9conomie num\u00e9rique mondiale qui devrait bient\u00f4t d\u00e9passer 11 500 milliards de dollars. Les discussions relatives \u00e0 ce th\u00e8me exploreront et consolideront les strat\u00e9gies sur la voie \u00e0 suivre pour g\u00e9rer les effets de la pand\u00e9mie de Covid-19 sur les \u00e9conomies africaines\u00a0\u00bb. \u00a0<\/p>\n<p><strong>Lire aussi<\/strong> : <a href=\"https:\/\/ecomatin.net\/zone-de-libre-echange-la-cemac-bientot-prete-pour-le-commerce-des-services\/\">Zone de libre-\u00e9change: la Cemac bient\u00f4t pr\u00eate pour le commerce des services<\/a><\/p>\n<p>A l\u2019ordre du jour de ces \u00e9changes, la Zone de libre-\u00e9change continentale Africaine (Zlecaf) entr\u00e9e en vigueur le 1<sup>er<\/sup>\u00a0janvier de cette ann\u00e9e, notamment le prochain accord sur le commerce \u00e9lectronique. A cela s\u2019ajoute\u00a0des discussions sur la fa\u00e7on dont l\u2019Afrique peut g\u00e9n\u00e9rer ses propres secteurs pharmaceutiques, et le r\u00f4le de la Zlecaf dans ces secteurs. \u00a0<\/p>\n<p>Sont attendus au cours de ces \u00e9changes des conf\u00e9renciers tels que\u00a0: son excellence Abiy Ahmed, Premier ministre \u00e9thiopien; S.E. M<sup>me<\/sup>\u00a0Zainab Ahmed, ministre des finances, du budget et de la planification nationale du Nig\u00e9ria, qui m\u00e8nera un d\u00e9bat sur la pr\u00e9paration des syst\u00e8mes multilat\u00e9raux pour aider les pays africains \u00e0 faire face \u00e0 des crises comme la covid-19\u00a0; Minouche Shafik, ancienne Gouverneure adjointe de la Banque d\u2019Angleterre et ancienne Directrice g\u00e9n\u00e9rale adjointe du FMI, qui prononcera un discours sur ce que le monde peut retirer de la crise de la Covid-19, du Brexit, du commerce et \u00e0 quoi l\u2019Afrique devrait s\u2019attendre.<\/p>\n<p><strong>Lire aussi<\/strong> : <a href=\"https:\/\/ecomatin.net\/bruno-le-maire-annonce-la-disponibilite-de-la-france-a-revoir-le-statut-du-franc-cfa\/\">Bruno Le Maire annonce la disponibilit\u00e9 de la France \u00e0 revoir le statut du franc CFA<\/a><\/p>\n<p>Auteur: Cindy MBALA<br \/>\n<a href=\"https:\/\/ecomatin.net\/les-ministres-des-finances-africains-en-conclave-sur-la-zlecaf\/\">Cliquez ici pour lire l&rsquo;article depuis sa source.<\/a><\/p>\n","protected":false},"excerpt":{"rendered":"<p>Du 17 au 23 mars 2021, se tient par visioconf\u00e9rence \u00e0 partir du si\u00e8ge de l\u2019Union Africaine, Addis-Abeba en Ethiopie, la 53e\u00a0\u00e9dition de la Commission et l\u2019\u00e9dition 2021 de la Conf\u00e9rence des ministres des finances africains, de la planification et du d\u00e9veloppement \u00e9conomique. Edition plac\u00e9e sous le th\u00e8me \u00ab\u00a0l\u2019industrialisation durable et la diversification de l\u2019Afrique [&hellip;]<\/p>\n","protected":false},"author":1969,"featured_media":0,"comment_status":"closed","ping_status":"closed","sticky":false,"template":"","format":"standard","meta":{"fifu_image_url":"","fifu_image_alt":"","footnotes":""},"categories":[82,78],"tags":[],"class_list":["post-113285","post","type-post","status-publish","format-standard","hentry","category-cameroun","category-economie"],"_links":{"self":[{"href":"https:\/\/linitiative.ca\/International\/wp-json\/wp\/v2\/posts\/113285","targetHints":{"allow":["GET"]}}],"collection":[{"href":"https:\/\/linitiative.ca\/International\/wp-json\/wp\/v2\/posts"}],"about":[{"href":"https:\/\/linitiative.ca\/International\/wp-json\/wp\/v2\/types\/post"}],"author":[{"embeddable":true,"href":"https:\/\/linitiative.ca\/International\/wp-json\/wp\/v2\/users\/1969"}],"replies":[{"embeddable":true,"href":"https:\/\/linitiative.ca\/International\/wp-json\/wp\/v2\/comments?post=113285"}],"version-history":[{"count":0,"href":"https:\/\/linitiative.ca\/International\/wp-json\/wp\/v2\/posts\/113285\/revisions"}],"wp:attachment":[{"href":"https:\/\/linitiative.ca\/International\/wp-json\/wp\/v2\/media?parent=113285"}],"wp:term":[{"taxonomy":"category","embeddable":true,"href":"https:\/\/linitiative.ca\/International\/wp-json\/wp\/v2\/categories?post=113285"},{"taxonomy":"post_tag","embeddable":true,"href":"https:\/\/linitiative.ca\/International\/wp-json\/wp\/v2\/tags?post=113285"}],"curies":[{"name":"wp","href":"https:\/\/api.w.org\/{rel}","templated":true}]}}