{"id":113287,"date":"2021-03-18T09:04:49","date_gmt":"2021-03-18T13:04:49","guid":{"rendered":"https:\/\/linitiative.ca\/International\/prix-du-livre-sheikh-zayed-un-ouvrage-marocain-en-lice\/"},"modified":"2021-03-18T09:04:49","modified_gmt":"2021-03-18T13:04:49","slug":"prix-du-livre-sheikh-zayed-un-ouvrage-marocain-en-lice","status":"publish","type":"post","link":"https:\/\/linitiative.ca\/International\/prix-du-livre-sheikh-zayed-un-ouvrage-marocain-en-lice\/","title":{"rendered":"Prix du livre Sheikh Zayed : Un ouvrage marocain en lice"},"content":{"rendered":"<header>\n<\/header>\n<div class=\"entry-content clearfix\" readability=\"50\">\n<figure class=\"post-thumbnail\" itemprop=\"associatedMedia\" itemscope=\"itemscope\" itemtype=\"http:\/\/schema.org\/ImageObject\"><img decoding=\"async\" class=\"post_layout_5_img\" src=\"http:\/\/aujourdhui.ma\/wp-content\/uploads\/2021\/03\/Prix-du-livre-Sheikh-Zayed.jpg\" alt=\"Prix du livre Sheikh Zayed : Un ouvrage marocain en lice\"\/><\/figure>\n<p><span class=\"c5\"><strong>Le Prix du livre Sheikh Zayed, qui est \u00e0 sa 15\u00e8me \u00e9dition, a d\u00e9voil\u00e9 mardi la liste courte des titres nomin\u00e9s dans la cat\u00e9gorie \u00abLitt\u00e9rature pour enfants et adolescents\u00bb qui comprend un roman de l\u2019\u00e9crivain marocain Rajaa Mallah.<\/strong><\/span><span id=\"more-371385\"\/><\/p>\n<p>La liste comprend trois \u0153uvres, dont \u00abJardin d\u2019\u00e9meraude\u00bb de la Marocaine Rajaa Mallah, \u00abUn voyage d\u2019artiste\u00bb du romancier tunisien Mizouni Bennani et \u00abLa goule et la framboise\u00bb de l\u2019\u00e9crivain \u00e9mirati Nassiba El-Azibi, indique un communiqu\u00e9 de la direction. Dans la cat\u00e9gorie \u00abLitt\u00e9rature\u00bb, trois ouvrages sont en lice, \u00e0 savoir \u00abAimer la vie\u00bb de l\u2019\u00e9crivain libanais Alawiya Soubh, \u00abLa Chambre des passagers\u00bb de l\u2019Egyptien Izzat Al-Qamhawi et \u00abSur les traces d\u2019Enayat Al-Zayat\u00bb de l\u2019\u00e9crivain \u00e9gyptien Iman Merssal, d\u00e9taille la m\u00eame source. Concernant la cat\u00e9gorie \u00abJeune auteur\u00bb, les titres retenus sont \u00abLaylat Yalda\u00bb de l\u2019Egyptienne Ghada El-Abssi, \u00abCe qu\u2019elle a laiss\u00e9e derri\u00e8re\u00bb de l\u2019\u00e9crivain palestinien Chada Mustapha et \u00abLes probl\u00e9matiques du moi qui raconte dans le roman f\u00e9ministe saoudien \u2013 Une \u00e9tude critique\/1999-2012\u00bb de la chercheuse saoudienne Asmaa Awad Al-Ahmadi.<\/p>\n<\/div>\n<p>Auteur: ALM<br \/>\n<a href=\"https:\/\/aujourdhui.ma\/actualite\/prix-du-livre-sheikh-zayed-un-ouvrage-marocain-en-lice\">Cliquez ici pour lire l&rsquo;article depuis sa source.<\/a><\/p>\n","protected":false},"excerpt":{"rendered":"<p>Le Prix du livre Sheikh Zayed, qui est \u00e0 sa 15\u00e8me \u00e9dition, a d\u00e9voil\u00e9 mardi la liste courte des titres nomin\u00e9s dans la cat\u00e9gorie \u00abLitt\u00e9rature pour enfants et adolescents\u00bb qui comprend un roman de l\u2019\u00e9crivain marocain Rajaa Mallah. La liste comprend trois \u0153uvres, dont \u00abJardin d\u2019\u00e9meraude\u00bb de la Marocaine Rajaa Mallah, \u00abUn voyage d\u2019artiste\u00bb du [&hellip;]<\/p>\n","protected":false},"author":1759,"featured_media":0,"comment_status":"closed","ping_status":"closed","sticky":false,"template":"","format":"standard","meta":{"fifu_image_url":"http:\/\/aujourdhui.ma\/wp-content\/uploads\/2021\/03\/Prix-du-livre-Sheikh-Zayed.jpg","fifu_image_alt":"Prix du livre Sheikh Zayed : Un ouvrage marocain en lice","footnotes":""},"categories":[73,54],"tags":[],"class_list":["post-113287","post","type-post","status-publish","format-standard","hentry","category-actualite","category-maroc"],"_links":{"self":[{"href":"https:\/\/linitiative.ca\/International\/wp-json\/wp\/v2\/posts\/113287","targetHints":{"allow":["GET"]}}],"collection":[{"href":"https:\/\/linitiative.ca\/International\/wp-json\/wp\/v2\/posts"}],"about":[{"href":"https:\/\/linitiative.ca\/International\/wp-json\/wp\/v2\/types\/post"}],"author":[{"embeddable":true,"href":"https:\/\/linitiative.ca\/International\/wp-json\/wp\/v2\/users\/1759"}],"replies":[{"embeddable":true,"href":"https:\/\/linitiative.ca\/International\/wp-json\/wp\/v2\/comments?post=113287"}],"version-history":[{"count":0,"href":"https:\/\/linitiative.ca\/International\/wp-json\/wp\/v2\/posts\/113287\/revisions"}],"wp:attachment":[{"href":"https:\/\/linitiative.ca\/International\/wp-json\/wp\/v2\/media?parent=113287"}],"wp:term":[{"taxonomy":"category","embeddable":true,"href":"https:\/\/linitiative.ca\/International\/wp-json\/wp\/v2\/categories?post=113287"},{"taxonomy":"post_tag","embeddable":true,"href":"https:\/\/linitiative.ca\/International\/wp-json\/wp\/v2\/tags?post=113287"}],"curies":[{"name":"wp","href":"https:\/\/api.w.org\/{rel}","templated":true}]}}