{"id":113290,"date":"2021-03-18T10:20:38","date_gmt":"2021-03-18T14:20:38","guid":{"rendered":"https:\/\/linitiative.ca\/International\/figuig-la-situation-des-terres-agricoles-au-nord-de-loued-el-arja-en-debat\/"},"modified":"2021-03-18T10:20:38","modified_gmt":"2021-03-18T14:20:38","slug":"figuig-la-situation-des-terres-agricoles-au-nord-de-loued-el-arja-en-debat","status":"publish","type":"post","link":"https:\/\/linitiative.ca\/International\/figuig-la-situation-des-terres-agricoles-au-nord-de-loued-el-arja-en-debat\/","title":{"rendered":"Figuig : La situation des terres agricoles au nord  de l\u2019Oued El Arja en d\u00e9bat"},"content":{"rendered":"<header>\n<\/header>\n<div class=\"entry-content clearfix\" readability=\"51\">\n<figure class=\"post-thumbnail\" itemprop=\"associatedMedia\" itemscope=\"itemscope\" itemtype=\"http:\/\/schema.org\/ImageObject\"><img decoding=\"async\" class=\"post_layout_5_img\" src=\"http:\/\/aujourdhui.ma\/wp-content\/uploads\/2017\/11\/Figuig-agriculture.jpg\" alt=\"Figuig : La situation des terres agricoles au nord de l\u2019Oued El Arja en d\u00e9bat\"\/><\/figure>\n<p><span class=\"c5\"><strong>Le gouverneur de la province de Figuig a tenu, mardi, une r\u00e9union avec plusieurs exploitants de terres agricoles situ\u00e9es dans la zone dite \u00abEl Arja\u00bb afin d\u2019examiner les d\u00e9veloppements de la situation des terres agricoles situ\u00e9es dans la partie nord de l\u2019Oued El Arja \u00e0 la fronti\u00e8re maroco-alg\u00e9rienne et ce, suite \u00e0 la d\u00e9cision provisoire et circonstancielle des autorit\u00e9s alg\u00e9riennes d\u2019interdire l\u2019acc\u00e8s \u00e0 cette zone \u00e0 partir du 18 mars.<\/strong><\/span><\/p>\n<p><span id=\"more-371361\"\/><br \/>Selon un communiqu\u00e9 de la pr\u00e9fecture de la province de Figuig, cette r\u00e9union \u00e0 laquelle ont assist\u00e9 le naib des terres collectives (soulaliyates) de Oulad Souleymane et des membres du conseil des repr\u00e9sentants, s\u2019inscrit dans le cadre d\u2019une s\u00e9rie de rencontres que les autorit\u00e9s provinciales et locales tiennent avec les repr\u00e9sentants de cette communaut\u00e9 soulaliyate et avec les exploitants des terres agricoles situ\u00e9es dans la r\u00e9gion d\u2019El Arja.<br \/>Cette rencontre vise \u00e0 \u00e9tudier les solutions susceptibles d\u2019att\u00e9nuer les retomb\u00e9es de la d\u00e9cision des autorit\u00e9s alg\u00e9riennes sur les exploitants de ces terres agricoles, a not\u00e9 le gouverneur de la province de Figuig, cit\u00e9 par le communiqu\u00e9. L\u2019autorit\u00e9 provinciale, a dit le responsable, continuera d\u2019examiner et d\u2019\u00e9laborer des propositions de solutions qui prennent en consid\u00e9ration toutes les possibilit\u00e9s, en coordination et en concertation continues avec les instances repr\u00e9sentatives de la communaut\u00e9 soulaliyate et les exploitants des terres agricoles touch\u00e9s par la d\u00e9cision des autorit\u00e9s alg\u00e9riennes, conclut la m\u00eame source.<\/p>\n<\/div>\n<p>Auteur: ALM<br \/>\n<a href=\"https:\/\/aujourdhui.ma\/regions\/figuig-la-situation-des-terres-agricoles-au-nord-de-loued-el-arja-en-debat\">Cliquez ici pour lire l&rsquo;article depuis sa source.<\/a><\/p>\n","protected":false},"excerpt":{"rendered":"<p>Le gouverneur de la province de Figuig a tenu, mardi, une r\u00e9union avec plusieurs exploitants de terres agricoles situ\u00e9es dans la zone dite \u00abEl Arja\u00bb afin d\u2019examiner les d\u00e9veloppements de la situation des terres agricoles situ\u00e9es dans la partie nord de l\u2019Oued El Arja \u00e0 la fronti\u00e8re maroco-alg\u00e9rienne et ce, suite \u00e0 la d\u00e9cision provisoire [&hellip;]<\/p>\n","protected":false},"author":1759,"featured_media":0,"comment_status":"closed","ping_status":"closed","sticky":false,"template":"","format":"standard","meta":{"fifu_image_url":"http:\/\/aujourdhui.ma\/wp-content\/uploads\/2017\/11\/Figuig-agriculture.jpg","fifu_image_alt":"Figuig : La situation des terres agricoles au nord  de l\u2019Oued El Arja en d\u00e9bat","footnotes":""},"categories":[73,54],"tags":[],"class_list":["post-113290","post","type-post","status-publish","format-standard","hentry","category-actualite","category-maroc"],"_links":{"self":[{"href":"https:\/\/linitiative.ca\/International\/wp-json\/wp\/v2\/posts\/113290","targetHints":{"allow":["GET"]}}],"collection":[{"href":"https:\/\/linitiative.ca\/International\/wp-json\/wp\/v2\/posts"}],"about":[{"href":"https:\/\/linitiative.ca\/International\/wp-json\/wp\/v2\/types\/post"}],"author":[{"embeddable":true,"href":"https:\/\/linitiative.ca\/International\/wp-json\/wp\/v2\/users\/1759"}],"replies":[{"embeddable":true,"href":"https:\/\/linitiative.ca\/International\/wp-json\/wp\/v2\/comments?post=113290"}],"version-history":[{"count":0,"href":"https:\/\/linitiative.ca\/International\/wp-json\/wp\/v2\/posts\/113290\/revisions"}],"wp:attachment":[{"href":"https:\/\/linitiative.ca\/International\/wp-json\/wp\/v2\/media?parent=113290"}],"wp:term":[{"taxonomy":"category","embeddable":true,"href":"https:\/\/linitiative.ca\/International\/wp-json\/wp\/v2\/categories?post=113290"},{"taxonomy":"post_tag","embeddable":true,"href":"https:\/\/linitiative.ca\/International\/wp-json\/wp\/v2\/tags?post=113290"}],"curies":[{"name":"wp","href":"https:\/\/api.w.org\/{rel}","templated":true}]}}