{"id":113291,"date":"2021-03-18T10:35:20","date_gmt":"2021-03-18T14:35:20","guid":{"rendered":"https:\/\/linitiative.ca\/International\/berrechid-arrestation-dun-malfrat-implique-dans-une-affaire-de-meurtre-qui-remonte-a-2008\/"},"modified":"2021-03-18T10:35:20","modified_gmt":"2021-03-18T14:35:20","slug":"berrechid-arrestation-dun-malfrat-implique-dans-une-affaire-de-meurtre-qui-remonte-a-2008","status":"publish","type":"post","link":"https:\/\/linitiative.ca\/International\/berrechid-arrestation-dun-malfrat-implique-dans-une-affaire-de-meurtre-qui-remonte-a-2008\/","title":{"rendered":"Berrechid :  Arrestation d\u2019un malfrat impliqu\u00e9 dans une affaire de meurtre qui remonte \u00e0 2008"},"content":{"rendered":"<header>\n<\/header>\n<div class=\"entry-content clearfix\" readability=\"49\">\n<figure class=\"post-thumbnail\" itemprop=\"associatedMedia\" itemscope=\"itemscope\" itemtype=\"http:\/\/schema.org\/ImageObject\"><img decoding=\"async\" class=\"post_layout_5_img\" src=\"http:\/\/aujourdhui.ma\/wp-content\/uploads\/2021\/03\/COUR-DAPPEL-casa4.jpg\" alt=\"Berrechid : Arrestation d\u2019un malfrat impliqu\u00e9 dans une affaire de meurtre qui remonte \u00e0 2008\"\/><\/figure>\n<p><span class=\"c5\"><strong>Un malfrat impliqu\u00e9 dans une affaire de meurtre qui remonte \u00e0 2008 a \u00e9t\u00e9 arr\u00eat\u00e9 \u00e0 Berrechid et traduit, mardi, devant le parquet g\u00e9n\u00e9ral pr\u00e8s la Cour d\u2019appel de Casablanca.<\/strong><\/span><span id=\"more-371388\"\/><\/p>\n<p>Mis hors d\u2019\u00e9tat de nuire samedi dernier par les \u00e9l\u00e9ments de la police judiciaire relevant de la s\u00fbret\u00e9 r\u00e9gionale de Berrechid avec la coordination de leurs coll\u00e8gues de la brigade nationale de la police judiciaire, ce jeune homme, alias Techouika, faisait l\u2019objet d\u2019investigations effectu\u00e9es, depuis belle lurette, par les \u00e9l\u00e9ments de la direction g\u00e9n\u00e9rale de la surveillance du territoire national. Il a \u00e9t\u00e9 rep\u00e9r\u00e9 \u00e0 bord de sa voiture 4\u00d74 au niveau du douar Brek relevant de la pr\u00e9fecture de Berrechid pour \u00eatre arr\u00eat\u00e9. En effet, outre son implication dans une affaire de meurtre qui a co\u00fbt\u00e9, il y a plus de douze ans, la vie \u00e0 un jeune homme, le mis en cause \u00e9tait \u00e9galement recherch\u00e9 pour plusieurs autres crimes dont le trafic de drogue et de boissons alcoolis\u00e9es.<\/p>\n<\/div>\n<p>Auteur: Abderrafii ALOUMLIKI<br \/>\n<a href=\"https:\/\/aujourdhui.ma\/faits-divers\/berrechid-arrestation-dun-malfrat-implique-dans-une-affaire-de-meurtre-qui-remonte-a-2008\">Cliquez ici pour lire l&rsquo;article depuis sa source.<\/a><\/p>\n","protected":false},"excerpt":{"rendered":"<p>Un malfrat impliqu\u00e9 dans une affaire de meurtre qui remonte \u00e0 2008 a \u00e9t\u00e9 arr\u00eat\u00e9 \u00e0 Berrechid et traduit, mardi, devant le parquet g\u00e9n\u00e9ral pr\u00e8s la Cour d\u2019appel de Casablanca. Mis hors d\u2019\u00e9tat de nuire samedi dernier par les \u00e9l\u00e9ments de la police judiciaire relevant de la s\u00fbret\u00e9 r\u00e9gionale de Berrechid avec la coordination de [&hellip;]<\/p>\n","protected":false},"author":1759,"featured_media":0,"comment_status":"closed","ping_status":"closed","sticky":false,"template":"","format":"standard","meta":{"fifu_image_url":"http:\/\/aujourdhui.ma\/wp-content\/uploads\/2021\/03\/COUR-DAPPEL-casa4.jpg","fifu_image_alt":"Berrechid :  Arrestation d\u2019un malfrat impliqu\u00e9 dans une affaire de meurtre qui remonte \u00e0 2008","footnotes":""},"categories":[73,54],"tags":[],"class_list":["post-113291","post","type-post","status-publish","format-standard","hentry","category-actualite","category-maroc"],"_links":{"self":[{"href":"https:\/\/linitiative.ca\/International\/wp-json\/wp\/v2\/posts\/113291","targetHints":{"allow":["GET"]}}],"collection":[{"href":"https:\/\/linitiative.ca\/International\/wp-json\/wp\/v2\/posts"}],"about":[{"href":"https:\/\/linitiative.ca\/International\/wp-json\/wp\/v2\/types\/post"}],"author":[{"embeddable":true,"href":"https:\/\/linitiative.ca\/International\/wp-json\/wp\/v2\/users\/1759"}],"replies":[{"embeddable":true,"href":"https:\/\/linitiative.ca\/International\/wp-json\/wp\/v2\/comments?post=113291"}],"version-history":[{"count":0,"href":"https:\/\/linitiative.ca\/International\/wp-json\/wp\/v2\/posts\/113291\/revisions"}],"wp:attachment":[{"href":"https:\/\/linitiative.ca\/International\/wp-json\/wp\/v2\/media?parent=113291"}],"wp:term":[{"taxonomy":"category","embeddable":true,"href":"https:\/\/linitiative.ca\/International\/wp-json\/wp\/v2\/categories?post=113291"},{"taxonomy":"post_tag","embeddable":true,"href":"https:\/\/linitiative.ca\/International\/wp-json\/wp\/v2\/tags?post=113291"}],"curies":[{"name":"wp","href":"https:\/\/api.w.org\/{rel}","templated":true}]}}