{"id":113297,"date":"2021-03-18T10:26:11","date_gmt":"2021-03-18T14:26:11","guid":{"rendered":"https:\/\/linitiative.ca\/International\/tunisie-reprise-sous-conditions-de-la-omra\/"},"modified":"2021-03-18T10:26:11","modified_gmt":"2021-03-18T14:26:11","slug":"tunisie-reprise-sous-conditions-de-la-omra","status":"publish","type":"post","link":"https:\/\/linitiative.ca\/International\/tunisie-reprise-sous-conditions-de-la-omra\/","title":{"rendered":"Tunisie : Reprise sous conditions de la Omra"},"content":{"rendered":"<p>L\u2019agence Liberta voyages sp\u00e9cialis\u00e9e dans la Omra a annonc\u00e9 la reprise de ses d\u00e9placements vers les Lieux- Saints \u00e0 partir du 20 mars 2021 apr\u00e8s \u00a0la lev\u00e9e par l\u2019Arabie-Saoudite des restrictions \u00e0 la circulation \u00a0des voyageurs internationaux \u00e0 l\u2019int\u00e9rieur du royaume le 31 Mars 2021, soit quelques jours avant le ramadan<\/p>\n<p>Il est \u00e0 rappeler que le 15 Mars 2020, l\u2019Arabie Saoudite suspendait ses liaisons internationales et restreignait l\u2019entr\u00e9e des \u00e9trangers \u00e0 toutes ses fronti\u00e8res en raison de la propagation du virus de la COVID-19.<\/p>\n<p>Cependant depuis le 15 Septembre 2020,\u00a0certaines cat\u00e9gories de voyageurs \u00e9taient de nouveau autoris\u00e9es \u00e0 venir dans le royaume\u00a0sur pr\u00e9sentation d\u2019un visa, d\u2019affaires, m\u00e9dical ou encore d\u2019\u00e9v\u00e9nement sportif.<\/p>\n<p>Cette reprise des voyages vers la Omra va faire le bonheur de nombreux Tunisiens dont particuli\u00e8rement \u00a0\u00a0les p\u00e8lerins des annulations dues \u00e0 \u00a0pand\u00e9mie et les professionnels concern\u00e9s qui ont p\u00e2ti l\u2019ann\u00e9e derni\u00e8re de l\u2019annulation des vols de la Omra et du p\u00e8lerinage.<\/p>\n<div class=\"wp-post-author-wrap wp-post-author-shortcode left\">\n<h3 class=\"awpa-title\"\/>\n<div class=\"wp-post-author\">\n<div class=\"awpa-img awpa-author-block square\"><a href=\"http:\/\/lexpertjournal.net\/fr\/?author=5\"><img loading=\"lazy\" decoding=\"async\" alt=\"\" src=\"http:\/\/0.gravatar.com\/avatar\/97f8e10a1c1125ba104a76514ee07b16?s=150&amp;d=mm&amp;r=g\" srcset=\"http:\/\/0.gravatar.com\/avatar\/97f8e10a1c1125ba104a76514ee07b16?s=300&amp;d=mm&amp;r=g 2x\" class=\"avatar avatar-150 photo\" height=\"150\" width=\"150\"\/><\/a><\/div>\n<\/div>\n<\/div>\n<aside class=\"mashsb-container mashsb-main mashsb-stretched\">\n<\/aside>\n<p>Auteur: L&rsquo;expert<br \/>\n<a href=\"http:\/\/lexpertjournal.net\/fr\/?p=19231\">Cliquez ici pour lire l&rsquo;article depuis sa source.<\/a><\/p>\n","protected":false},"excerpt":{"rendered":"<p>L\u2019agence Liberta voyages sp\u00e9cialis\u00e9e dans la Omra a annonc\u00e9 la reprise de ses d\u00e9placements vers les Lieux- Saints \u00e0 partir du 20 mars 2021 apr\u00e8s \u00a0la lev\u00e9e par l\u2019Arabie-Saoudite des restrictions \u00e0 la circulation \u00a0des voyageurs internationaux \u00e0 l\u2019int\u00e9rieur du royaume le 31 Mars 2021, soit quelques jours avant le ramadan Il est \u00e0 rappeler [&hellip;]<\/p>\n","protected":false},"author":1775,"featured_media":0,"comment_status":"closed","ping_status":"closed","sticky":false,"template":"","format":"standard","meta":{"fifu_image_url":"http:\/\/0.gravatar.com\/avatar\/97f8e10a1c1125ba104a76514ee07b16?s=150&d=mm&r=g","fifu_image_alt":"Tunisie : Reprise sous conditions de la Omra","footnotes":""},"categories":[78,55],"tags":[],"class_list":["post-113297","post","type-post","status-publish","format-standard","hentry","category-economie","category-tunisie"],"_links":{"self":[{"href":"https:\/\/linitiative.ca\/International\/wp-json\/wp\/v2\/posts\/113297","targetHints":{"allow":["GET"]}}],"collection":[{"href":"https:\/\/linitiative.ca\/International\/wp-json\/wp\/v2\/posts"}],"about":[{"href":"https:\/\/linitiative.ca\/International\/wp-json\/wp\/v2\/types\/post"}],"author":[{"embeddable":true,"href":"https:\/\/linitiative.ca\/International\/wp-json\/wp\/v2\/users\/1775"}],"replies":[{"embeddable":true,"href":"https:\/\/linitiative.ca\/International\/wp-json\/wp\/v2\/comments?post=113297"}],"version-history":[{"count":0,"href":"https:\/\/linitiative.ca\/International\/wp-json\/wp\/v2\/posts\/113297\/revisions"}],"wp:attachment":[{"href":"https:\/\/linitiative.ca\/International\/wp-json\/wp\/v2\/media?parent=113297"}],"wp:term":[{"taxonomy":"category","embeddable":true,"href":"https:\/\/linitiative.ca\/International\/wp-json\/wp\/v2\/categories?post=113297"},{"taxonomy":"post_tag","embeddable":true,"href":"https:\/\/linitiative.ca\/International\/wp-json\/wp\/v2\/tags?post=113297"}],"curies":[{"name":"wp","href":"https:\/\/api.w.org\/{rel}","templated":true}]}}