{"id":113302,"date":"2021-03-18T10:32:56","date_gmt":"2021-03-18T14:32:56","guid":{"rendered":"https:\/\/linitiative.ca\/International\/education-reglement-de-la-5e-tranche-des-dossiers-dindemnites\/"},"modified":"2021-03-18T10:32:56","modified_gmt":"2021-03-18T14:32:56","slug":"education-reglement-de-la-5e-tranche-des-dossiers-dindemnites","status":"publish","type":"post","link":"https:\/\/linitiative.ca\/International\/education-reglement-de-la-5e-tranche-des-dossiers-dindemnites\/","title":{"rendered":"Education: R\u00e8glement de la 5\u00e8 tranche des dossiers d\u2019indemnit\u00e9s"},"content":{"rendered":"<div class=\"single-featured\"><img alt=\"\" data-src=\"http:\/\/www.mapmarrakech.ma\/map\/uploads\/2021\/03\/ministere-de-l-Education-nationale.jpg\"\/><\/div>\n<div class=\"single-post-excerpt post-excerpt-bc\" readability=\"39\">\n<p>Le minist\u00e8re de l\u2019\u00c9ducation nationale, de la Formation professionnelle, de l\u2019Enseignement sup\u00e9rieur et de la Recherche scientifique a annonc\u00e9 qu\u2019il proc\u00e8dera au r\u00e8glement de la 5-\u00e8me tranche des dossiers d\u2019indemnit\u00e9s quotidiennes de stages pour les fonctionnaires relevant du d\u00e9partement de l\u2019\u00c9ducation nationale, ayant effectu\u00e9 la p\u00e9riode de stage dans l\u2019un des centres de formation et ce, jusqu\u2019au 31 d\u00e9cembre 1990.<\/p>\n<\/div>\n<div class=\"entry-content clearfix single-post-content\" readability=\"45\">\n<p>Dans un communiqu\u00e9, le minist\u00e8re affirme que 1.734 dossiers sont programm\u00e9s en fonction du budget allou\u00e9 \u00e0 cet effet, ajoutant que quatre tranches d\u2019indemnit\u00e9s quotidiennes de stage sont r\u00e9gl\u00e9es concernant 3.842 dossiers et ce, conform\u00e9ment au crit\u00e8re d\u2019anciennet\u00e9 d\u2019acc\u00e8s aux centres de formation.<\/p>\n<p>Le minist\u00e8re appelle tous les fonctionnaires dont les noms figurent sur la liste du site \u00e9lectronique du d\u00e9partement (www.men.gov.ma) \u00e0 contacter la direction des ressources humaines et de la formation des cadres dans les plus brefs d\u00e9lais, pour signer les documents relatifs aux montants dus, selon la date indiqu\u00e9e sur la liste.<\/p>\n<\/div>\n<p>Auteur: Meriem IGASS<br \/>\n<a href=\"http:\/\/www.mapmarrakech.ma\/fr\/education-nationale-reglement-de-la-5e-tranche-des-dossiers-dindemnites-de-stage\/\">Cliquez ici pour lire l&rsquo;article depuis sa source.<\/a><\/p>\n","protected":false},"excerpt":{"rendered":"<p>Le minist\u00e8re de l\u2019\u00c9ducation nationale, de la Formation professionnelle, de l\u2019Enseignement sup\u00e9rieur et de la Recherche scientifique a annonc\u00e9 qu\u2019il proc\u00e8dera au r\u00e8glement de la 5-\u00e8me tranche des dossiers d\u2019indemnit\u00e9s quotidiennes de stages pour les fonctionnaires relevant du d\u00e9partement de l\u2019\u00c9ducation nationale, ayant effectu\u00e9 la p\u00e9riode de stage dans l\u2019un des centres de formation et [&hellip;]<\/p>\n","protected":false},"author":1788,"featured_media":0,"comment_status":"closed","ping_status":"closed","sticky":false,"template":"","format":"standard","meta":{"fifu_image_url":"http:\/\/www.mapmarrakech.ma\/map\/uploads\/2021\/03\/ministere-de-l-Education-nationale.jpg","fifu_image_alt":"Education: R\u00e8glement de la 5\u00e8 tranche des dossiers d\u2019indemnit\u00e9s","footnotes":""},"categories":[54,76],"tags":[],"class_list":["post-113302","post","type-post","status-publish","format-standard","hentry","category-maroc","category-regions"],"_links":{"self":[{"href":"https:\/\/linitiative.ca\/International\/wp-json\/wp\/v2\/posts\/113302","targetHints":{"allow":["GET"]}}],"collection":[{"href":"https:\/\/linitiative.ca\/International\/wp-json\/wp\/v2\/posts"}],"about":[{"href":"https:\/\/linitiative.ca\/International\/wp-json\/wp\/v2\/types\/post"}],"author":[{"embeddable":true,"href":"https:\/\/linitiative.ca\/International\/wp-json\/wp\/v2\/users\/1788"}],"replies":[{"embeddable":true,"href":"https:\/\/linitiative.ca\/International\/wp-json\/wp\/v2\/comments?post=113302"}],"version-history":[{"count":0,"href":"https:\/\/linitiative.ca\/International\/wp-json\/wp\/v2\/posts\/113302\/revisions"}],"wp:attachment":[{"href":"https:\/\/linitiative.ca\/International\/wp-json\/wp\/v2\/media?parent=113302"}],"wp:term":[{"taxonomy":"category","embeddable":true,"href":"https:\/\/linitiative.ca\/International\/wp-json\/wp\/v2\/categories?post=113302"},{"taxonomy":"post_tag","embeddable":true,"href":"https:\/\/linitiative.ca\/International\/wp-json\/wp\/v2\/tags?post=113302"}],"curies":[{"name":"wp","href":"https:\/\/api.w.org\/{rel}","templated":true}]}}