{"id":113303,"date":"2021-03-17T17:06:09","date_gmt":"2021-03-17T21:06:09","guid":{"rendered":"https:\/\/linitiative.ca\/International\/des-efforts-soutenus-pour-reduire-les-disparites-sociales-et-territoriales\/"},"modified":"2021-03-17T17:06:09","modified_gmt":"2021-03-17T21:06:09","slug":"des-efforts-soutenus-pour-reduire-les-disparites-sociales-et-territoriales","status":"publish","type":"post","link":"https:\/\/linitiative.ca\/International\/des-efforts-soutenus-pour-reduire-les-disparites-sociales-et-territoriales\/","title":{"rendered":"Des efforts soutenus pour r\u00e9duire les disparit\u00e9s sociales et territoriales"},"content":{"rendered":"<p><iframe loading=\"lazy\" width=\"1170\" height=\"658\" src=\"https:\/\/www.youtube.com\/embed\/3UMEky6CaEM?feature=oembed\" frameborder=\"0\" allow=\"accelerometer; autoplay; clipboard-write; encrypted-media; gyroscope; picture-in-picture\" allowfullscreen=\"allowfullscreen\">[embedded content]<\/iframe><\/p>\n<div class=\"single-post-excerpt post-excerpt-bc\" readability=\"36\">\n<p>Routes, raccordement aux r\u00e9seaux d\u2019eau potable et d\u2019\u00e9lectricit\u00e9, infrastructures de sant\u00e9 et d\u2019\u00e9ducation \u2026la province de Guercif conna\u00eet la r\u00e9alisation de projets d\u2019envergure pour r\u00e9duire les disparit\u00e9s sociales et territoriales au profit de la population rurale.<\/p>\n<\/div>\n<p>Auteur: Soufiane ELAHMAR<br \/>\n<a href=\"http:\/\/www.mapoujda.ma\/fr\/des-efforts-soutenus-pour-reduire-les-disparites-sociales-et-territoriales-2\/\">Cliquez ici pour lire l&rsquo;article depuis sa source.<\/a><\/p>\n","protected":false},"excerpt":{"rendered":"<p>[embedded content] Routes, raccordement aux r\u00e9seaux d\u2019eau potable et d\u2019\u00e9lectricit\u00e9, infrastructures de sant\u00e9 et d\u2019\u00e9ducation \u2026la province de Guercif conna\u00eet la r\u00e9alisation de projets d\u2019envergure pour r\u00e9duire les disparit\u00e9s sociales et territoriales au profit de la population rurale. Auteur: Soufiane ELAHMAR Cliquez ici pour lire l&rsquo;article depuis sa source.<\/p>\n","protected":false},"author":1788,"featured_media":0,"comment_status":"closed","ping_status":"closed","sticky":false,"template":"","format":"standard","meta":{"fifu_image_url":"","fifu_image_alt":"","footnotes":""},"categories":[54,76],"tags":[],"class_list":["post-113303","post","type-post","status-publish","format-standard","hentry","category-maroc","category-regions"],"_links":{"self":[{"href":"https:\/\/linitiative.ca\/International\/wp-json\/wp\/v2\/posts\/113303","targetHints":{"allow":["GET"]}}],"collection":[{"href":"https:\/\/linitiative.ca\/International\/wp-json\/wp\/v2\/posts"}],"about":[{"href":"https:\/\/linitiative.ca\/International\/wp-json\/wp\/v2\/types\/post"}],"author":[{"embeddable":true,"href":"https:\/\/linitiative.ca\/International\/wp-json\/wp\/v2\/users\/1788"}],"replies":[{"embeddable":true,"href":"https:\/\/linitiative.ca\/International\/wp-json\/wp\/v2\/comments?post=113303"}],"version-history":[{"count":0,"href":"https:\/\/linitiative.ca\/International\/wp-json\/wp\/v2\/posts\/113303\/revisions"}],"wp:attachment":[{"href":"https:\/\/linitiative.ca\/International\/wp-json\/wp\/v2\/media?parent=113303"}],"wp:term":[{"taxonomy":"category","embeddable":true,"href":"https:\/\/linitiative.ca\/International\/wp-json\/wp\/v2\/categories?post=113303"},{"taxonomy":"post_tag","embeddable":true,"href":"https:\/\/linitiative.ca\/International\/wp-json\/wp\/v2\/tags?post=113303"}],"curies":[{"name":"wp","href":"https:\/\/api.w.org\/{rel}","templated":true}]}}