{"id":113304,"date":"2021-03-18T11:40:05","date_gmt":"2021-03-18T15:40:05","guid":{"rendered":"https:\/\/linitiative.ca\/International\/journee-detude-a-lencg-doujda-sur-la-zlecaf-et-leconomie-marocaine\/"},"modified":"2021-03-18T11:40:05","modified_gmt":"2021-03-18T15:40:05","slug":"journee-detude-a-lencg-doujda-sur-la-zlecaf-et-leconomie-marocaine","status":"publish","type":"post","link":"https:\/\/linitiative.ca\/International\/journee-detude-a-lencg-doujda-sur-la-zlecaf-et-leconomie-marocaine\/","title":{"rendered":"Journ\u00e9e d\u2019\u00e9tude \u00e0 l\u2019ENCG d\u2019Oujda sur la ZLECAF et l\u2019\u00e9conomie marocaine"},"content":{"rendered":"<p class=\"c4\">\u00ab\u00a0La Zone de libre-\u00e9change continentale africaine (ZLECAF) et l\u2019\u00e9conomie marocaine : Quels impacts ?\u00a0\u00bb, tel est le th\u00e8me d\u2019une journ\u00e9e \u00e9tude qui aura lieu, le 8 avril prochain, \u00e0 l\u2019Ecole nationale de commerce et de gestion d\u2019Oujda (ENCGO).<\/p>\n<p class=\"c4\">Cette journ\u00e9e d\u2019\u00e9tude, organis\u00e9e par le Laboratoire de recherche en management territorial, int\u00e9gr\u00e9 et fonctionnel (LARMATIF), se veut une plateforme d\u2019\u00e9changes et de discussions entre universitaires, institutionnels et professionnels pour examiner et d\u00e9battre des enjeux socio\u00e9conomiques et g\u00e9ostrat\u00e9giques de la ZLECAF.<\/p>\n<p class=\"c4\">Les d\u00e9bats seront ax\u00e9s \u00e9galement sur \u00ab\u00a0le cadre institutionnel et r\u00e9glementaire de la ZLECAF\u00a0\u00bb, \u00ab\u00a0le commerce intra-r\u00e9gional africain et la ZLECAF\u00a0\u00bb, \u00ab\u00a0les opportunit\u00e9s et contraintes de la ZLECAF\u00a0\u00bb, \u00ab\u00a0les facteurs cl\u00e9s de la r\u00e9ussite de la ZLECAF\u00a0\u00bb, \u00ab\u00a0la ZLECAF et l\u2019acc\u00e9l\u00e9ration des exportations marocaines vers l\u2019Afrique\u00a0\u00bb et \u00ab\u00a0la ZLECAF et la transformation structurelle de l\u2019\u00e9conomie marocaine\u00a0\u00bb.<\/p>\n<p class=\"c4\">Plusieurs rapports et \u00e9tudes portant sur l\u2019Afrique consid\u00e8rent la faible int\u00e9gration r\u00e9gionale comme cause principale de la participation insuffisante du continent dans l\u2019\u00e9conomie mondiale (\u00e0 peine 5% du commerce mondial et 3% du PIB mondial en 2020), soulignent les organisateurs dans une note de pr\u00e9sentation de cette rencontre.<\/p>\n<p class=\"c4\">Rappelant la signature par 44 pays africains de l\u2019accord pour la cr\u00e9ation d\u2019une Zone de libre \u00e9change continentale africaine, la m\u00eame source fait remarquer que la ZLECAF repr\u00e9sente une \u00e9tape majeure dans l\u2019ach\u00e8vement r\u00e9el de l\u2019int\u00e9gration \u00e9conomique de l\u2019Afrique afin d\u2019apporter la prosp\u00e9rit\u00e9 \u00e0 son peuple, conform\u00e9ment \u00e0 l\u2019Agenda 2063 : \u00ab\u00a0l\u2019Afrique que nous voulons\u00a0\u00bb.<\/p>\n<p class=\"c4\">Le Maroc, qui \u00e9tait parmi les premiers pays signataires de cet accord, a d\u00e9cid\u00e9 de faire du d\u00e9veloppement socio-\u00e9conomique de l\u2019Afrique l\u2019une de ses priorit\u00e9s, en ce sens que les deux tiers des investissements directs \u00e0 l\u2019\u00e9tranger du Maroc sont concentr\u00e9s en Afrique. Cette adh\u00e9sion permet aux entrepreneurs et aux investisseurs marocains de rayonner dans une zone de plus de 1,2 milliards d\u2019individus et de 2,5 milliards \u00e0 l\u2019horizon de 2050.<\/p>\n<p class=\"c4\">\u00ab\u00a0La lib\u00e9ralisation des \u00e9changes dans le cadre de cette zone offre une r\u00e9elle opportunit\u00e9 pour booster les \u00e9changes et la croissance, r\u00e9duire la pauvret\u00e9 et faciliter l\u2019int\u00e9gration de l\u2019Afrique dans les cha\u00eenes de valeur mondiales\u00a0\u00bb, estiment les organisateurs tout en mettant l\u2019accent sur les nombreuses contraintes qui peuvent r\u00e9duire les ambitions d\u2019un tel accord (les infrastructures, les proc\u00e9dures douani\u00e8res, les r\u00e8gles d\u2019origine des marchandises, la s\u00e9curit\u00e9, les conflits, les difficult\u00e9s financi\u00e8res, etc).<\/p>\n<p>Auteur: Soufiane ELAHMAR<br \/>\n<a href=\"http:\/\/www.mapoujda.ma\/fr\/journee-detude-a-lencg-doujda-sur-la-zlecaf-et-leconomie-marocaine\/\">Cliquez ici pour lire l&rsquo;article depuis sa source.<\/a><\/p>\n","protected":false},"excerpt":{"rendered":"<p>\u00ab\u00a0La Zone de libre-\u00e9change continentale africaine (ZLECAF) et l\u2019\u00e9conomie marocaine : Quels impacts ?\u00a0\u00bb, tel est le th\u00e8me d\u2019une journ\u00e9e \u00e9tude qui aura lieu, le 8 avril prochain, \u00e0 l\u2019Ecole nationale de commerce et de gestion d\u2019Oujda (ENCGO). Cette journ\u00e9e d\u2019\u00e9tude, organis\u00e9e par le Laboratoire de recherche en management territorial, int\u00e9gr\u00e9 et fonctionnel (LARMATIF), se [&hellip;]<\/p>\n","protected":false},"author":1788,"featured_media":0,"comment_status":"closed","ping_status":"closed","sticky":false,"template":"","format":"standard","meta":{"fifu_image_url":"","fifu_image_alt":"","footnotes":""},"categories":[54,76],"tags":[],"class_list":["post-113304","post","type-post","status-publish","format-standard","hentry","category-maroc","category-regions"],"_links":{"self":[{"href":"https:\/\/linitiative.ca\/International\/wp-json\/wp\/v2\/posts\/113304","targetHints":{"allow":["GET"]}}],"collection":[{"href":"https:\/\/linitiative.ca\/International\/wp-json\/wp\/v2\/posts"}],"about":[{"href":"https:\/\/linitiative.ca\/International\/wp-json\/wp\/v2\/types\/post"}],"author":[{"embeddable":true,"href":"https:\/\/linitiative.ca\/International\/wp-json\/wp\/v2\/users\/1788"}],"replies":[{"embeddable":true,"href":"https:\/\/linitiative.ca\/International\/wp-json\/wp\/v2\/comments?post=113304"}],"version-history":[{"count":0,"href":"https:\/\/linitiative.ca\/International\/wp-json\/wp\/v2\/posts\/113304\/revisions"}],"wp:attachment":[{"href":"https:\/\/linitiative.ca\/International\/wp-json\/wp\/v2\/media?parent=113304"}],"wp:term":[{"taxonomy":"category","embeddable":true,"href":"https:\/\/linitiative.ca\/International\/wp-json\/wp\/v2\/categories?post=113304"},{"taxonomy":"post_tag","embeddable":true,"href":"https:\/\/linitiative.ca\/International\/wp-json\/wp\/v2\/tags?post=113304"}],"curies":[{"name":"wp","href":"https:\/\/api.w.org\/{rel}","templated":true}]}}