{"id":113309,"date":"2021-03-18T10:39:24","date_gmt":"2021-03-18T14:39:24","guid":{"rendered":"https:\/\/linitiative.ca\/International\/la-bad-nomme-un-nouveau-representant-au-maroc\/"},"modified":"2021-03-18T10:39:24","modified_gmt":"2021-03-18T14:39:24","slug":"la-bad-nomme-un-nouveau-representant-au-maroc","status":"publish","type":"post","link":"https:\/\/linitiative.ca\/International\/la-bad-nomme-un-nouveau-representant-au-maroc\/","title":{"rendered":"La BAD nomme un nouveau repr\u00e9sentant au Maroc"},"content":{"rendered":"<p class=\"rtejustify\">La Banque africaine de d\u00e9veloppement (BAD) vient de nommer le Tunisien Achraf Tarsim en qulit\u00e9 de Chef de bureau pays d\u00e9sign\u00e9 pour le Maroc. Cet ex-chef de division sectoriel r\u00e9gional pour l&rsquo;Afrique du Nord, en charge de l\u2019\u00e9nergie, de l\u2019infrastructure et du secteur financier, a int\u00e9gr\u00e9 l\u2019institution panafricaine en 2009 au sein du D\u00e9partement de la gouvernance et des r\u00e9formes \u00e9conomiques et financi\u00e8res.<\/p>\n<p class=\"rtejustify\">Achraf a \u00ab\u00a0jou\u00e9 un r\u00f4le d\u00e9terminant dans le lancement de projets structurants, en tirant parti des synergies entre les r\u00e9formes et les investissements dans un large \u00e9ventail de secteurs avec des parties prenantes publiques et priv\u00e9es\u00a0\u00bb, explique la BAD. Pr\u00e9sent\u00e9 comme \u00ab\u00a0un professionnel chevronn\u00e9 ayant une connaissance approfondie des op\u00e9rations de la Banque\u00a0\u00bb, le responsable tunisien a notamment supervis\u00e9 la structuration de plus de 20 nouveaux projets pour un montant de 2,2 milliards de dollars au Maroc. Il s\u2019agit d\u2019op\u00e9ration d&rsquo;industrialisation et de politique financi\u00e8re, du projet d&rsquo;extension de l&rsquo;a\u00e9roport de Rabat, du projet de transport d&rsquo;\u00e9lectricit\u00e9. Il a \u00e9galement supervis\u00e9 d\u2019importants projets en Tunisie, en Egypte, en Mauritanie ainsi que d\u2019autres d\u2019autres pays d\u2019Afrique du Nord.<\/p>\n<p class=\"rtejustify\">Achraf a pailleurs ailleurs \u00e9t\u00e9 responsable de la mise en \u0153uvre d\u2019un des plus larges portefeuilles de projets de la BAD, en plus d\u2019avoir con\u00e7u et mis en \u0153uvre un large \u00e9ventail de transactions dans divers secteurs (industrie, \u00e9nergie, mines, finances, gouvernance, infrastructures&#8230;) dans plus de 20 pays africains.<\/p>\n<p>Auteur: hgueye<br \/>\n<a href=\"https:\/\/www.leconomiste.com\/flash-infos\/la-bad-nomme-un-nouveau-chef-de-bureau-pays-pour-le-maroc\">Cliquez ici pour lire l&rsquo;article depuis sa source.<\/a><\/p>\n","protected":false},"excerpt":{"rendered":"<p>La Banque africaine de d\u00e9veloppement (BAD) vient de nommer le Tunisien Achraf Tarsim en qulit\u00e9 de Chef de bureau pays d\u00e9sign\u00e9 pour le Maroc. Cet ex-chef de division sectoriel r\u00e9gional pour l&rsquo;Afrique du Nord, en charge de l\u2019\u00e9nergie, de l\u2019infrastructure et du secteur financier, a int\u00e9gr\u00e9 l\u2019institution panafricaine en 2009 au sein du D\u00e9partement de [&hellip;]<\/p>\n","protected":false},"author":1763,"featured_media":0,"comment_status":"closed","ping_status":"closed","sticky":false,"template":"","format":"standard","meta":{"fifu_image_url":"","fifu_image_alt":"","footnotes":""},"categories":[78,54],"tags":[],"class_list":["post-113309","post","type-post","status-publish","format-standard","hentry","category-economie","category-maroc"],"_links":{"self":[{"href":"https:\/\/linitiative.ca\/International\/wp-json\/wp\/v2\/posts\/113309","targetHints":{"allow":["GET"]}}],"collection":[{"href":"https:\/\/linitiative.ca\/International\/wp-json\/wp\/v2\/posts"}],"about":[{"href":"https:\/\/linitiative.ca\/International\/wp-json\/wp\/v2\/types\/post"}],"author":[{"embeddable":true,"href":"https:\/\/linitiative.ca\/International\/wp-json\/wp\/v2\/users\/1763"}],"replies":[{"embeddable":true,"href":"https:\/\/linitiative.ca\/International\/wp-json\/wp\/v2\/comments?post=113309"}],"version-history":[{"count":0,"href":"https:\/\/linitiative.ca\/International\/wp-json\/wp\/v2\/posts\/113309\/revisions"}],"wp:attachment":[{"href":"https:\/\/linitiative.ca\/International\/wp-json\/wp\/v2\/media?parent=113309"}],"wp:term":[{"taxonomy":"category","embeddable":true,"href":"https:\/\/linitiative.ca\/International\/wp-json\/wp\/v2\/categories?post=113309"},{"taxonomy":"post_tag","embeddable":true,"href":"https:\/\/linitiative.ca\/International\/wp-json\/wp\/v2\/tags?post=113309"}],"curies":[{"name":"wp","href":"https:\/\/api.w.org\/{rel}","templated":true}]}}