{"id":113311,"date":"2021-03-18T13:11:33","date_gmt":"2021-03-18T17:11:33","guid":{"rendered":"https:\/\/linitiative.ca\/International\/covid19-425-millions-de-personnes-vaccinees\/"},"modified":"2021-03-18T13:11:33","modified_gmt":"2021-03-18T17:11:33","slug":"covid19-425-millions-de-personnes-vaccinees","status":"publish","type":"post","link":"https:\/\/linitiative.ca\/International\/covid19-425-millions-de-personnes-vaccinees\/","title":{"rendered":"Covid19: 4,25 millions de personnes vaccin\u00e9es"},"content":{"rendered":"<p class=\"rtejustify\">Le Maroc a enregistr\u00e9 <strong>487<\/strong> nouveaux cas de Covid19 durant les derni\u00e8res 24 heures, ce qui porte le total \u00e0\u00a0<strong>490.575<\/strong> cas confirm\u00e9s, d&rsquo;apr\u00e8s le nouveau bilan du minist\u00e8re de la Sant\u00e9 de ce jeudi 18 mars 2021. Le nombre total de personnes vaccin\u00e9es se chiffre \u00e0\u00a0<strong>4.252.723<\/strong>, indique le minist\u00e8re. <strong>2.246.753<\/strong>\u00a0personnes ont pris leur 2e dose, alors que 8.000 ont re\u00e7u leur premi\u00e8re dose durant les derni\u00e8res 24 heures. Plus de personnes ont \u00e9t\u00e9 vaccin\u00e9es durant les derni\u00e8res 24 heures. Casablanca-Settat a enregistr\u00e9 324 nouveaux cas, alors que la r\u00e9gion de Marrakech-Safi en compte 46. Au total,<strong>10.285<\/strong> nouveaux tests ont \u00e9t\u00e9 r\u00e9alis\u00e9s.<\/p>\n<p class=\"rtejustify\">Quant au nombre de d\u00e9c\u00e8s, il s&rsquo;\u00e9tablit \u00e0 <strong>8.748<\/strong>, soit <strong>3<\/strong> d\u00e9c\u00e8s de plus en 24 heures (taux de l\u00e9talit\u00e9 1,8%), alors que 574 nouvelles gu\u00e9risons ont \u00e9t\u00e9 recens\u00e9es, soit au total\u00a0<strong>477.879<\/strong> (taux de gu\u00e9rison 97,4%). Le nombre de cas encore actifs atteint <strong>3.948<\/strong>, dont 420 s\u00e9v\u00e8res. Parmi ces derniers, 26 sont sous intubation, alors que 242 sont sous ventilation non invasive. Par ailleurs, le taux d&rsquo;occupation des lits d\u00e9di\u00e9s au Covid-19 atteint 13,3%.<\/p>\n<p>Auteur: hgueye<br \/>\n<a href=\"https:\/\/www.leconomiste.com\/flash-infos\/covid19-millions-de-personnes-vaccinees-9\">Cliquez ici pour lire l&rsquo;article depuis sa source.<\/a><\/p>\n","protected":false},"excerpt":{"rendered":"<p>Le Maroc a enregistr\u00e9 487 nouveaux cas de Covid19 durant les derni\u00e8res 24 heures, ce qui porte le total \u00e0\u00a0490.575 cas confirm\u00e9s, d&rsquo;apr\u00e8s le nouveau bilan du minist\u00e8re de la Sant\u00e9 de ce jeudi 18 mars 2021. Le nombre total de personnes vaccin\u00e9es se chiffre \u00e0\u00a04.252.723, indique le minist\u00e8re. 2.246.753\u00a0personnes ont pris leur 2e dose, [&hellip;]<\/p>\n","protected":false},"author":1763,"featured_media":0,"comment_status":"closed","ping_status":"closed","sticky":false,"template":"","format":"standard","meta":{"fifu_image_url":"","fifu_image_alt":"","footnotes":""},"categories":[78,54],"tags":[],"class_list":["post-113311","post","type-post","status-publish","format-standard","hentry","category-economie","category-maroc"],"_links":{"self":[{"href":"https:\/\/linitiative.ca\/International\/wp-json\/wp\/v2\/posts\/113311","targetHints":{"allow":["GET"]}}],"collection":[{"href":"https:\/\/linitiative.ca\/International\/wp-json\/wp\/v2\/posts"}],"about":[{"href":"https:\/\/linitiative.ca\/International\/wp-json\/wp\/v2\/types\/post"}],"author":[{"embeddable":true,"href":"https:\/\/linitiative.ca\/International\/wp-json\/wp\/v2\/users\/1763"}],"replies":[{"embeddable":true,"href":"https:\/\/linitiative.ca\/International\/wp-json\/wp\/v2\/comments?post=113311"}],"version-history":[{"count":0,"href":"https:\/\/linitiative.ca\/International\/wp-json\/wp\/v2\/posts\/113311\/revisions"}],"wp:attachment":[{"href":"https:\/\/linitiative.ca\/International\/wp-json\/wp\/v2\/media?parent=113311"}],"wp:term":[{"taxonomy":"category","embeddable":true,"href":"https:\/\/linitiative.ca\/International\/wp-json\/wp\/v2\/categories?post=113311"},{"taxonomy":"post_tag","embeddable":true,"href":"https:\/\/linitiative.ca\/International\/wp-json\/wp\/v2\/tags?post=113311"}],"curies":[{"name":"wp","href":"https:\/\/api.w.org\/{rel}","templated":true}]}}