{"id":113312,"date":"2021-03-18T15:14:51","date_gmt":"2021-03-18T19:14:51","guid":{"rendered":"https:\/\/linitiative.ca\/International\/pros-le-coach-de-nice-annonce-une-tres-bonne-nouvelle-pour-atal\/"},"modified":"2021-03-18T15:14:51","modified_gmt":"2021-03-18T19:14:51","slug":"pros-le-coach-de-nice-annonce-une-tres-bonne-nouvelle-pour-atal","status":"publish","type":"post","link":"https:\/\/linitiative.ca\/International\/pros-le-coach-de-nice-annonce-une-tres-bonne-nouvelle-pour-atal\/","title":{"rendered":"Pros : Le coach de Nice annonce une tr\u00e8s bonne nouvelle pour Atal"},"content":{"rendered":"<div readability=\"32\">\n<p>Auteur : <span class=\"time\">jeudi 18 mars 2021 15:44<\/span><\/p>\n<\/div>\n<div id=\"post_core\" readability=\"42\">\n<p>Une nouvelle fois, c&rsquo;est une saison perturb\u00e9e par les blessures qu&rsquo;a v\u00e9cu Youcef Atal. Le lat\u00e9ral alg\u00e9rien de l&rsquo;OGC Nice, stopp\u00e9 au mois de janvier, avait fait son retour d\u00e9but mars avec les Aiglons avant de louper de nouveau deux rencontres face \u00e0 Monaco puis Lorient. Mais son coach, Adrian Ursea, vient d&rsquo;annoncer une bonne nouvelle relay\u00e9e par le site officiel du club. \u00ab Youcef est de nouveau disponible \u00bb, a annonc\u00e9 son coach. En revanche, pas de retour d&rsquo;Atal en s\u00e9lection puisque les clubs de Ligue 1 ont d\u00e9cid\u00e9 de bloquer leurs joueurs hors s\u00e9lections europ\u00e9ennes rapporte OnzeMondial.com.<\/p>\n<p><strong>Publi\u00e9 dans :<\/strong> <span>Atal<\/span><\/p>\n<\/div>\n<p>Auteur:<br \/>\n<a href=\"http:\/\/www.lebuteur.com\/article\/detail?titre=le-coach-de-nice-annonce-une-tres-bonne-nouvelle-pour-atal&#038;id=99433&#038;utm_source=feedburner&#038;utm_medium=feed&#038;utm_campaign=Feed%3A+GalerieFArtciles+%28Les+derniers+articles++-+lebuteur.com%29\">Cliquez ici pour lire l&rsquo;article depuis sa source.<\/a><\/p>\n","protected":false},"excerpt":{"rendered":"<p>Auteur : jeudi 18 mars 2021 15:44 Une nouvelle fois, c&rsquo;est une saison perturb\u00e9e par les blessures qu&rsquo;a v\u00e9cu Youcef Atal. Le lat\u00e9ral alg\u00e9rien de l&rsquo;OGC Nice, stopp\u00e9 au mois de janvier, avait fait son retour d\u00e9but mars avec les Aiglons avant de louper de nouveau deux rencontres face \u00e0 Monaco puis Lorient. Mais son [&hellip;]<\/p>\n","protected":false},"author":1738,"featured_media":0,"comment_status":"closed","ping_status":"closed","sticky":false,"template":"","format":"standard","meta":{"fifu_image_url":"\/\/cdn.lebuteur.com\/data\/images\/article\/thumbs\/large-le-coach-de-nice-annonce-une-tres-bonne-nouvelle-pour-atal-03821.jpg","fifu_image_alt":"Pros : Le coach de Nice annonce une tr\u00e8s bonne nouvelle pour Atal","footnotes":""},"categories":[53,75],"tags":[],"class_list":["post-113312","post","type-post","status-publish","format-standard","hentry","category-algerie","category-sport"],"_links":{"self":[{"href":"https:\/\/linitiative.ca\/International\/wp-json\/wp\/v2\/posts\/113312","targetHints":{"allow":["GET"]}}],"collection":[{"href":"https:\/\/linitiative.ca\/International\/wp-json\/wp\/v2\/posts"}],"about":[{"href":"https:\/\/linitiative.ca\/International\/wp-json\/wp\/v2\/types\/post"}],"author":[{"embeddable":true,"href":"https:\/\/linitiative.ca\/International\/wp-json\/wp\/v2\/users\/1738"}],"replies":[{"embeddable":true,"href":"https:\/\/linitiative.ca\/International\/wp-json\/wp\/v2\/comments?post=113312"}],"version-history":[{"count":0,"href":"https:\/\/linitiative.ca\/International\/wp-json\/wp\/v2\/posts\/113312\/revisions"}],"wp:attachment":[{"href":"https:\/\/linitiative.ca\/International\/wp-json\/wp\/v2\/media?parent=113312"}],"wp:term":[{"taxonomy":"category","embeddable":true,"href":"https:\/\/linitiative.ca\/International\/wp-json\/wp\/v2\/categories?post=113312"},{"taxonomy":"post_tag","embeddable":true,"href":"https:\/\/linitiative.ca\/International\/wp-json\/wp\/v2\/tags?post=113312"}],"curies":[{"name":"wp","href":"https:\/\/api.w.org\/{rel}","templated":true}]}}