{"id":113313,"date":"2021-03-18T15:14:53","date_gmt":"2021-03-18T19:14:53","guid":{"rendered":"https:\/\/linitiative.ca\/International\/afrique-coupe-de-la-caf-le-ahly-benghazi-bat-les-setif\/"},"modified":"2021-03-18T15:14:53","modified_gmt":"2021-03-18T19:14:53","slug":"afrique-coupe-de-la-caf-le-ahly-benghazi-bat-les-setif","status":"publish","type":"post","link":"https:\/\/linitiative.ca\/International\/afrique-coupe-de-la-caf-le-ahly-benghazi-bat-les-setif\/","title":{"rendered":"Afrique : Coupe de la CAF: le Ahly Benghazi bat l&rsquo;ES S\u00e9tif"},"content":{"rendered":"<div readability=\"32\">\n<p>Auteur : <span>APS<\/span> <span class=\"time\">jeudi 18 mars 2021 15:55<\/span><\/p>\n<\/div>\n<div id=\"post_core\" readability=\"57\">\n<p>Le repr\u00e9sentant libyen en Coupe de la Conf\u00e9d\u00e9ration africaine de football, le Ahly Benghazi a domin\u00e9 son homologue alg\u00e9rien Entente de S\u00e9tif (1-0, mi-temps 1-0), en match disput\u00e9 mercredi soir au Caire (Egypte), pour le compte de la deuxi\u00e8me journ\u00e9e (Groupe A). L&rsquo;Aigle noir a \u00e9t\u00e9 cueilli \u00e0 froid, car l&rsquo;unique but de cette rencontre a \u00e9t\u00e9 inscrit d\u00e8s la 3e minute de jeu, par l&rsquo;interm\u00e9diaire d&rsquo;Al Wadawi. Les deux clubs ont termin\u00e9 le match \u00e0 dix, apr\u00e8s l&rsquo;expulsion d&rsquo;un joueur de chaque c\u00f4t\u00e9, pour cumul de cartons. Il s&rsquo;agit de Ghecha pour l&rsquo;ESS (7e et 69e), et Al Orfey c\u00f4t\u00e9 libyen (74e et 76e). Une courte mais pr\u00e9cieuse victoire, qui suffit au bonheur du Ahly Benghazi, car elle lui permet de rejoindre les Nigerians du FC Enyimba \u00e0 la deuxi\u00e8me place, avec trois points pour chaque club, au moment o\u00f9 l&rsquo;Entente chute \u00e0 la 4e et derni\u00e8re place, avec un seul point au compteur. Un peu plus t\u00f4t dans l&rsquo;apr\u00e8s-midi, les Sud-africains d&rsquo;Orlando Pirates avaient pris la premi\u00e8re place du Groupe, avec quatre points, apr\u00e8s leur victoire contre Enyimba (2-1). De son c\u00f4t\u00e9, le deuxi\u00e8me repr\u00e9sentant alg\u00e9rien dans cette comp\u00e9tition, la JS Kabylie a pris la t\u00eate du Groupe \u00ab\u00a0B\u00a0\u00bb, avec quatre points, suite au bon r\u00e9sultat nul (2-2), ramen\u00e9 de son d\u00e9placement chez le NAPSA Stars de Zambie.<\/p>\n<p><strong>Publi\u00e9 dans :<\/strong> <span>ES S\u00e9tif<\/span><\/p>\n<\/div>\n<p>Auteur:<br \/>\n<a href=\"http:\/\/www.lebuteur.com\/article\/detail?titre=coupe-de-la-caf-le-ahly-benghazi-bat-les-setif&#038;id=99434&#038;utm_source=feedburner&#038;utm_medium=feed&#038;utm_campaign=Feed%3A+GalerieFArtciles+%28Les+derniers+articles++-+lebuteur.com%29\">Cliquez ici pour lire l&rsquo;article depuis sa source.<\/a><\/p>\n","protected":false},"excerpt":{"rendered":"<p>Auteur : APS jeudi 18 mars 2021 15:55 Le repr\u00e9sentant libyen en Coupe de la Conf\u00e9d\u00e9ration africaine de football, le Ahly Benghazi a domin\u00e9 son homologue alg\u00e9rien Entente de S\u00e9tif (1-0, mi-temps 1-0), en match disput\u00e9 mercredi soir au Caire (Egypte), pour le compte de la deuxi\u00e8me journ\u00e9e (Groupe A). L&rsquo;Aigle noir a \u00e9t\u00e9 cueilli [&hellip;]<\/p>\n","protected":false},"author":1738,"featured_media":0,"comment_status":"closed","ping_status":"closed","sticky":false,"template":"","format":"standard","meta":{"fifu_image_url":"\/\/cdn.lebuteur.com\/data\/images\/article\/thumbs\/large-coupe-de-la-caf-le-ahly-benghazi-bat-les-setif-4cf29.jpg","fifu_image_alt":"Afrique : Coupe de la CAF: le Ahly Benghazi bat l'ES S\u00e9tif","footnotes":""},"categories":[53,75],"tags":[],"class_list":["post-113313","post","type-post","status-publish","format-standard","hentry","category-algerie","category-sport"],"_links":{"self":[{"href":"https:\/\/linitiative.ca\/International\/wp-json\/wp\/v2\/posts\/113313","targetHints":{"allow":["GET"]}}],"collection":[{"href":"https:\/\/linitiative.ca\/International\/wp-json\/wp\/v2\/posts"}],"about":[{"href":"https:\/\/linitiative.ca\/International\/wp-json\/wp\/v2\/types\/post"}],"author":[{"embeddable":true,"href":"https:\/\/linitiative.ca\/International\/wp-json\/wp\/v2\/users\/1738"}],"replies":[{"embeddable":true,"href":"https:\/\/linitiative.ca\/International\/wp-json\/wp\/v2\/comments?post=113313"}],"version-history":[{"count":0,"href":"https:\/\/linitiative.ca\/International\/wp-json\/wp\/v2\/posts\/113313\/revisions"}],"wp:attachment":[{"href":"https:\/\/linitiative.ca\/International\/wp-json\/wp\/v2\/media?parent=113313"}],"wp:term":[{"taxonomy":"category","embeddable":true,"href":"https:\/\/linitiative.ca\/International\/wp-json\/wp\/v2\/categories?post=113313"},{"taxonomy":"post_tag","embeddable":true,"href":"https:\/\/linitiative.ca\/International\/wp-json\/wp\/v2\/tags?post=113313"}],"curies":[{"name":"wp","href":"https:\/\/api.w.org\/{rel}","templated":true}]}}