{"id":113314,"date":"2021-03-18T15:14:55","date_gmt":"2021-03-18T19:14:55","guid":{"rendered":"https:\/\/linitiative.ca\/International\/international-manchester-city-mahrez-cible-numero-un-du-coup-de-sang-daguero\/"},"modified":"2021-03-18T15:14:55","modified_gmt":"2021-03-18T19:14:55","slug":"international-manchester-city-mahrez-cible-numero-un-du-coup-de-sang-daguero","status":"publish","type":"post","link":"https:\/\/linitiative.ca\/International\/international-manchester-city-mahrez-cible-numero-un-du-coup-de-sang-daguero\/","title":{"rendered":"International : Manchester City: Mahrez cible num\u00e9ro un du coup de sang d&rsquo;Ag\u00fcero ?"},"content":{"rendered":"<div readability=\"32\">\n<p>Auteur : <span class=\"time\">jeudi 18 mars 2021 16:09<\/span><\/p>\n<\/div>\n<div id=\"post_core\" readability=\"45\">\n<p>Au centre de sp\u00e9culations ces derni\u00e8res semaines autour d\u2019un possible transfert, l\u2019attaquant argentin s\u2019est plaint au sujet de ses co\u00e9quipiers mardi soir \u00e0 la fin du match face au Borussia M\u00f6nchenglabach. C\u2019est une sc\u00e8ne peu banale \u00e0 laquelle nous avons assist\u00e9 lorsque Sergio Ag\u00fcero a quitt\u00e9 la pelouse de l\u2019Etihad Stadium. Le meilleur buteur du club s\u2019est trouv\u00e9 agac\u00e9, d\u00e9clarant \u00ab Ils ne me passent pas la balle \u00bb en \u00e9voquant ses partenaires. Ce m\u00e9contentement peut s\u2019expliquer par une accumulation d\u2019\u00e9l\u00e9ments frustrants pour le \u00ab Kun \u00bb Ag\u00fcero, entre ses nombreuses blessures depuis septembre, son temps de jeu r\u00e9duit cette saison et sa faible efficacit\u00e9 (3 buts, aucune passe d\u00e9cisive en 14 matchs cette saison). Mais une vid\u00e9o extraite de la rencontre de mardi montrant Riad Mahrez pr\u00e9f\u00e9rer la solution individuelle plut\u00f4t que de servir son attaquant, pourtant seul dans la surface, donne quelque peu raison \u00e0 l\u2019Argentin. Ces signes d&rsquo;agacement de l&rsquo;Argentin sont-ils des indications suppl\u00e9mentaires quant \u00e0 son d\u00e9part de Manchester City ? Le Citizen de 32 ans est en effet envoy\u00e9 du c\u00f4t\u00e9 du FC Barcelone, pour ce qui pourrait repr\u00e9senter un dernier d\u00e9fi de haut niveau dans sa carri\u00e8re rapporte OnzeMondial.com.<\/p>\n<p><strong>Publi\u00e9 dans :<\/strong> <span>aguero<\/span> <span>Mahrez<\/span><\/p>\n<\/div>\n<p>Auteur:<br \/>\n<a href=\"http:\/\/www.lebuteur.com\/article\/detail?titre=manchester-city-mahrez-cible-numero-un-du-coup-de-sang-daguero&#038;id=99435&#038;utm_source=feedburner&#038;utm_medium=feed&#038;utm_campaign=Feed%3A+GalerieFArtciles+%28Les+derniers+articles++-+lebuteur.com%29\">Cliquez ici pour lire l&rsquo;article depuis sa source.<\/a><\/p>\n","protected":false},"excerpt":{"rendered":"<p>Auteur : jeudi 18 mars 2021 16:09 Au centre de sp\u00e9culations ces derni\u00e8res semaines autour d\u2019un possible transfert, l\u2019attaquant argentin s\u2019est plaint au sujet de ses co\u00e9quipiers mardi soir \u00e0 la fin du match face au Borussia M\u00f6nchenglabach. C\u2019est une sc\u00e8ne peu banale \u00e0 laquelle nous avons assist\u00e9 lorsque Sergio Ag\u00fcero a quitt\u00e9 la pelouse [&hellip;]<\/p>\n","protected":false},"author":1738,"featured_media":0,"comment_status":"closed","ping_status":"closed","sticky":false,"template":"","format":"standard","meta":{"fifu_image_url":"\/\/cdn.lebuteur.com\/data\/images\/article\/thumbs\/large-manchester-city-mahrez-cible-numero-un-du-coup-de-sang-daguero-e05fe.jpg","fifu_image_alt":"International : Manchester City: Mahrez cible num\u00e9ro un du coup de sang d'Ag\u00fcero ?","footnotes":""},"categories":[53,75],"tags":[],"class_list":["post-113314","post","type-post","status-publish","format-standard","hentry","category-algerie","category-sport"],"_links":{"self":[{"href":"https:\/\/linitiative.ca\/International\/wp-json\/wp\/v2\/posts\/113314","targetHints":{"allow":["GET"]}}],"collection":[{"href":"https:\/\/linitiative.ca\/International\/wp-json\/wp\/v2\/posts"}],"about":[{"href":"https:\/\/linitiative.ca\/International\/wp-json\/wp\/v2\/types\/post"}],"author":[{"embeddable":true,"href":"https:\/\/linitiative.ca\/International\/wp-json\/wp\/v2\/users\/1738"}],"replies":[{"embeddable":true,"href":"https:\/\/linitiative.ca\/International\/wp-json\/wp\/v2\/comments?post=113314"}],"version-history":[{"count":0,"href":"https:\/\/linitiative.ca\/International\/wp-json\/wp\/v2\/posts\/113314\/revisions"}],"wp:attachment":[{"href":"https:\/\/linitiative.ca\/International\/wp-json\/wp\/v2\/media?parent=113314"}],"wp:term":[{"taxonomy":"category","embeddable":true,"href":"https:\/\/linitiative.ca\/International\/wp-json\/wp\/v2\/categories?post=113314"},{"taxonomy":"post_tag","embeddable":true,"href":"https:\/\/linitiative.ca\/International\/wp-json\/wp\/v2\/tags?post=113314"}],"curies":[{"name":"wp","href":"https:\/\/api.w.org\/{rel}","templated":true}]}}