{"id":113316,"date":"2021-03-18T05:46:27","date_gmt":"2021-03-18T09:46:27","guid":{"rendered":"https:\/\/linitiative.ca\/International\/medias-la-marge-de-manoeuvre-samenuise\/"},"modified":"2021-03-18T05:46:27","modified_gmt":"2021-03-18T09:46:27","slug":"medias-la-marge-de-manoeuvre-samenuise","status":"publish","type":"post","link":"https:\/\/linitiative.ca\/International\/medias-la-marge-de-manoeuvre-samenuise\/","title":{"rendered":"M\u00e9dias : La marge de man\u0153uvre s\u2019amenuise"},"content":{"rendered":"<h4 class=\"title-14\"\/>\n<p class=\"p3\"><span class=\"s4\"><strong>L<\/strong><\/span><span class=\"s3\">a mise sous contr\u00f4le des t\u00e9l\u00e9visions ainsi que des correspondants des cha\u00eenes \u00e9trang\u00e8res travaillant en Alg\u00e9rie a toujours figur\u00e9 parmi les priorit\u00e9s des gouvernements successifs. Sous couvert de vouloir distinguer le travail des journalistes des fake news qui circulent sur les r\u00e9seaux sociaux, le verrouillage du champ m\u00e9diatique prend de nouvelles allures.<\/span><\/p>\n<p class=\"p4\"><span class=\"s3\">Aussi est-il \u00e0 remarquer dans le traitement de l\u2019information par les cha\u00eenes priv\u00e9es, une minimisation de l\u2019importance des manifestations du hirak, quand elles ne sont pas compl\u00e8tement pass\u00e9es sous silence. Cela donne lieu, le plus souvent, \u00e0 des journaux t\u00e9l\u00e9vis\u00e9s qui traitent de sujets consensuels et des d\u00e9bats politiques dans lesquels tous les intervenants sont du m\u00eame avis. La partialit\u00e9 est parfois encore plus flagrante dans ces cha\u00eenes que dans le service public. Car si la t\u00e9l\u00e9vision publique a du mal \u00e0 se lib\u00e9rer de ses cha\u00eenes, la situation des t\u00e9l\u00e9visons priv\u00e9es est encore plus d\u00e9licate.<\/span><\/p>\n<p class=\"p4\"><span class=\"s3\">N\u00e9es dans le sillage des promesses d\u2019ouverture faites par l\u2019ex-pr\u00e9sident Abdelaziz Bouteflika lors des printemps arabes, les cha\u00eenes de t\u00e9l\u00e9vision priv\u00e9es alg\u00e9riennes n\u2019ont jamais pu s\u2019affranchir du pouvoir. Elles avaient pouss\u00e9 comme des champignons d\u00e8s 2012, en l\u2019absence de cadre r\u00e9glementaire clair, et \u00e9mettant, \u00e0 leur d\u00e9buts, \u00e0 partir de l\u2019\u00e9tranger.<\/span><\/p>\n<p class=\"p4\"><span class=\"s3\">Les lois r\u00e9glementant le secteur audiovisuel ainsi que le cahier des charges en Alg\u00e9rie instauraient une r\u00e9glementation s\u00e9v\u00e8re en termes de libert\u00e9 d\u2019expression et de d\u00e9ontologie. Ladite loi interdit tout discours offensant, injuriant ou diffamant le pr\u00e9sident de la R\u00e9publique ainsi que l\u2019institution qu\u2019il repr\u00e9sente et exhorte \u00e0 respecter \u00ables valeurs nationales\u00bb et \u00ables symboles de l\u2019Etat\u00bb, tels que fix\u00e9s dans la Constitution. \u00abToute diffusion d\u2019informations audiovisuelles relatives \u00e0 des th\u00e8mes portant sur l\u2019unit\u00e9, la s\u00e9curit\u00e9 et la d\u00e9fense nationales doit \u00eatre, par ailleurs, soumise \u00e0 l\u2019autorisation pr\u00e9alable des autorit\u00e9s concern\u00e9es\u00bb, lit-on dans l\u2019article 9 de la loi.<\/span><\/p>\n<p class=\"p4\"><span class=\"s3\">Un des passages de cette loi stipule qu\u2019elle donne au ministre de la Communication le droit d\u2019intervenir pour rejeter la demande d\u2019agr\u00e9ment d\u2019une cha\u00eene de t\u00e9l\u00e9vision.<\/span><\/p>\n<p class=\"p4\"><span class=\"s3\">Dans les faits, la majorit\u00e9 des cha\u00eenes appartenaient \u00e0 des hommes d\u2019affaires connus pour leur proximit\u00e9 avec le clan Bouteflika, ayant soutenu l\u2019ex-Pr\u00e9sident dans tous les rendez-vous \u00e9lectoraux. Si certaines cha\u00eenes ont aujourd\u2019hui disparu des radars, et leurs propri\u00e9taires embastill\u00e9s, d\u2019autres continuent de r\u00e9sister en r\u00e9ussissant un revirement \u00e9ditorial en faveur de \u00abl\u2019Alg\u00e9rie nouvelle\u00bb.<\/span><\/p>\n<p class=\"p4\"><span class=\"s3\">Les m\u00e9dias auront \u00e9t\u00e9 les victimes collat\u00e9rales des turpitudes des cercles du pourvoir, y perdant parfois, en plus de leur cr\u00e9dibilit\u00e9, toute forme de dignit\u00e9 ou de respectabilit\u00e9 aupr\u00e8s de leur public. En t\u00e9moigne l\u2019un des slogans martel\u00e9s par les manifestants en 2019\u00a0: <em>\u00abYa sahafa, ya chiyatine\u00a0!\u00bb<\/em> fustigeant les m\u00e9dias \u00abl\u00e8che-bottes\u00bb.<\/span><\/p>\n<p class=\"p4\"><span class=\"s3\">Les cha\u00eenes priv\u00e9es se sont \u00e9galement parfaitement illustr\u00e9es dans le r\u00f4le de marchands de vulgarit\u00e9, \u00e0 travers un traitement discutable des sujets de soci\u00e9t\u00e9, offrant ainsi une illusoire diversit\u00e9.<\/span><\/p>\n<p class=\"p4\"><span class=\"s3\">Mais c\u2019est surtout sur les cha\u00eenes \u00e9trang\u00e8res que les autorit\u00e9s d\u00e9cochent les fl\u00e8ches les plus ac\u00e9r\u00e9es. Ne s\u2019encombrant gu\u00e8re de biens\u00e9ance, elles d\u00e9non\u00e7aient r\u00e9cemment le \u00abparti pris\u00bb de la cha\u00eene France 24 (d\u00e9pendante du minist\u00e8re des Affaires \u00e9trang\u00e8res) dans la couverture des marches du vendredi, ainsi que le recours \u00e0 des images d\u2019archives afin, croient savoir les autorit\u00e9s, de servir <em>\u00abun r\u00e9sidu antinational constitu\u00e9 d\u2019organisations r\u00e9actionnaires ou s\u00e9paratistes, aux ramifications internationales\u00bb<\/em>.<\/span><\/p>\n<p class=\"p4\"><span class=\"s3\">La mise en garde co\u00efncidait vendredi avec le fait qu\u2019une \u00e9quipe de France\u00a024 a \u00e9t\u00e9 prise \u00e0 partie par des manifestants, avec d\u2019autres journalistes, lors de la marche du hirak. Il est \u00e0 souligner \u00e0 ce propos que les m\u00e9dias \u00e9trangers travaillant en Alg\u00e9rie sont soumis depuis des ann\u00e9es \u00e0 une proc\u00e9dure d\u2019accr\u00e9ditation qu\u2019ils qualifient de <em>\u00abbureaucratique, opaque et al\u00e9atoire\u00bb<\/em>.\u00a0<\/span><\/p>\n<p><span class=\"post-views-label\">Post Views:<\/span> <span class=\"post-views-count\">336<\/span><\/p>\n<p><br class=\"c2\"\/><\/p>\n<div class=\"ichhar-moneytagnative c4\" id=\"ichhar-284014113\">\n<p>Advertisements<\/p>\n<\/div>\n<p><br class=\"c2\"\/><br \/>\n<br class=\"c5\"\/><\/p>\n<p>Auteur: Anis Khecheba<br \/>\n<a href=\"https:\/\/www.elwatan.com\/edition\/actualite\/medias-la-marge-de-manoeuvre-samenuise-18-03-2021\">Cliquez ici pour lire l&rsquo;article depuis sa source.<\/a><\/p>\n","protected":false},"excerpt":{"rendered":"<p>La mise sous contr\u00f4le des t\u00e9l\u00e9visions ainsi que des correspondants des cha\u00eenes \u00e9trang\u00e8res travaillant en Alg\u00e9rie a toujours figur\u00e9 parmi les priorit\u00e9s des gouvernements successifs. Sous couvert de vouloir distinguer le travail des journalistes des fake news qui circulent sur les r\u00e9seaux sociaux, le verrouillage du champ m\u00e9diatique prend de nouvelles allures. Aussi est-il \u00e0 [&hellip;]<\/p>\n","protected":false},"author":1743,"featured_media":0,"comment_status":"closed","ping_status":"closed","sticky":false,"template":"","format":"standard","meta":{"fifu_image_url":"","fifu_image_alt":"","footnotes":""},"categories":[73,53],"tags":[],"class_list":["post-113316","post","type-post","status-publish","format-standard","hentry","category-actualite","category-algerie"],"_links":{"self":[{"href":"https:\/\/linitiative.ca\/International\/wp-json\/wp\/v2\/posts\/113316","targetHints":{"allow":["GET"]}}],"collection":[{"href":"https:\/\/linitiative.ca\/International\/wp-json\/wp\/v2\/posts"}],"about":[{"href":"https:\/\/linitiative.ca\/International\/wp-json\/wp\/v2\/types\/post"}],"author":[{"embeddable":true,"href":"https:\/\/linitiative.ca\/International\/wp-json\/wp\/v2\/users\/1743"}],"replies":[{"embeddable":true,"href":"https:\/\/linitiative.ca\/International\/wp-json\/wp\/v2\/comments?post=113316"}],"version-history":[{"count":0,"href":"https:\/\/linitiative.ca\/International\/wp-json\/wp\/v2\/posts\/113316\/revisions"}],"wp:attachment":[{"href":"https:\/\/linitiative.ca\/International\/wp-json\/wp\/v2\/media?parent=113316"}],"wp:term":[{"taxonomy":"category","embeddable":true,"href":"https:\/\/linitiative.ca\/International\/wp-json\/wp\/v2\/categories?post=113316"},{"taxonomy":"post_tag","embeddable":true,"href":"https:\/\/linitiative.ca\/International\/wp-json\/wp\/v2\/tags?post=113316"}],"curies":[{"name":"wp","href":"https:\/\/api.w.org\/{rel}","templated":true}]}}