{"id":113317,"date":"2021-03-18T05:47:20","date_gmt":"2021-03-18T09:47:20","guid":{"rendered":"https:\/\/linitiative.ca\/International\/moins-de-deputes-malgre-une-hausse-du-nombre-de-wilayas\/"},"modified":"2021-03-18T05:47:20","modified_gmt":"2021-03-18T09:47:20","slug":"moins-de-deputes-malgre-une-hausse-du-nombre-de-wilayas","status":"publish","type":"post","link":"https:\/\/linitiative.ca\/International\/moins-de-deputes-malgre-une-hausse-du-nombre-de-wilayas\/","title":{"rendered":"Moins de d\u00e9put\u00e9s malgr\u00e9 une hausse du nombre de wilayas"},"content":{"rendered":"<h4 class=\"title-14\">Publication de l\u2019ordonnance relative aux circonscriptions \u00e9lectorales<\/h4>\n<div class=\"featured_image\"><img loading=\"lazy\" decoding=\"async\" width=\"1029\" height=\"683\" src=\"https:\/\/www.elwatan.com\/wp-content\/uploads\/2021\/03\/APN.gif\" class=\"attachment-post-thumbnail size-post-thumbnail wp-post-image\" alt=\"\"\/> <span class=\"featured-image-caption\">Photo : H. Ly\u00e8s &#8211; Les autorit\u00e9s ont proc\u00e9d\u00e9 \u00e0 un changement de ratio pour fixer le nombre de si\u00e8ges pour chaque circonscription<\/span><\/div>\n<p class=\"p4\"><span class=\"s3\"><strong>L\u2019ordonnance n\u00b021-02 d\u00e9terminant les circonscriptions \u00e9lectorales et le nombre de si\u00e8ges \u00e0 pourvoir pour les \u00e9lections du Parlement a \u00e9t\u00e9 publi\u00e9e mardi au <em>Journal officiel.<\/em> Le nombre total de si\u00e8ges \u00e0 pourvoir pour les l\u00e9gislatives du 12 juin prochain est donc de 407, en baisse de 55 si\u00e8ges par rapport \u00e0 ce qui \u00e9tait en vigueur jusque-l\u00e0.<\/strong><\/span><\/p>\n<p class=\"p6\"><span class=\"s3\"><strong>S<\/strong><\/span><span class=\"s3\">i plus d\u2019un s\u2019attendaient \u00e0 une hausse de si\u00e8ges, puisque le nombre de wilayas, de circonscriptions \u00e9lectorales donc, a augment\u00e9, passant de 48 \u00e0 58, le l\u00e9gislateur a fait en sorte pour que ce ne soit pas le cas. En effet, les autorit\u00e9s ont proc\u00e9d\u00e9 \u00e0 un changement de ratio pour fixer le nombre de si\u00e8ges pour chaque circonscription.<\/span><\/p>\n<p class=\"p7\"><span class=\"s3\">D\u00e9sormais, \u00able nombre de si\u00e8ges de chaque circonscription \u00e9lectorale est fix\u00e9 sur la base de l\u2019affectation d\u2019un si\u00e8ge par tranche de 120\u00a0000 habitants et l\u2019affectation d\u2019un si\u00e8ge suppl\u00e9mentaire pour chaque tranche restante de 60\u00a0000 habitants\u00bb.<\/span><\/p>\n<p class=\"p7\"><span class=\"s3\">Ceci, sachant que \u00able nombre de si\u00e8ges ne peut \u00eatre inf\u00e9rieur \u00e0 trois si\u00e8ges pour les wilayas dont le nombre de la population est inf\u00e9rieur \u00e0 200\u00a0000 habitants\u00bb. Dans la pr\u00e9c\u00e9dente ordonnance (12-01 datant du 13 f\u00e9vrier 2012), le ratio \u00e9tait \u00abd\u2019un si\u00e8ge par tranche 80\u00a0000 habitants et l\u2019affectation d\u2019un si\u00e8ge suppl\u00e9mentaire pour chaque tranche restante de 40\u00a0000 habitants\u00bb. C\u2019est ce qui fait donc que le nombre total des si\u00e8ges a baiss\u00e9, malgr\u00e9 la hausse du nombre de wilayas.<\/span><\/p>\n<p class=\"p7\"><span class=\"s3\">Ainsi, la quasi-totalit\u00e9 des wilayas (exception faite pour Laghouat qui garde 6 si\u00e8ges) ont \u00abperdu\u00bb des si\u00e8ges. Celles qui ont connu la plus importante baisse (4 si\u00e8ges) sont Tizi Ouzou et S\u00e9tif qui passent respectivement de 15 \u00e0 11 et de 19 \u00e0 15 si\u00e8ges. Il y a aussi Ouargla (de 7 \u00e0 3 si\u00e8ges), mais celle-ci est concern\u00e9e par le nouveau d\u00e9coupage territorial.<\/span><\/p>\n<p class=\"p8\"><strong><span class=\"s3\">La capitale n\u2019a perdu que trois si\u00e8ges<\/span><\/strong><\/p>\n<p class=\"p7\"><span class=\"s3\">La capitale, o\u00f9 il y a le plus grand nombre de si\u00e8ges \u00e0 pourvoir, n\u2019en a perdu que trois, passant de 37 \u00e0 34. Pour ce qui est de la communaut\u00e9 nationale \u00e0 l\u2019\u00e9tranger, le nombre est rest\u00e9 inchang\u00e9, \u00e0 savoir 8 si\u00e8ges. A noter qu\u2019un aspect de cette ordonnance a \u00e9t\u00e9 remis en cause par l\u2019universitaire Ahmed Betatache, sp\u00e9cialiste en droit constitutionnel.<\/span><\/p>\n<p class=\"p7\"><span class=\"s3\">Il s\u2019agit de la mani\u00e8re avec laquelle a \u00e9t\u00e9 fix\u00e9 le nombre de si\u00e8ges des wilayas \u00e0 faible population. L\u2019article 3 de cette nouvelle ordonnance stipule \u00e0 cet effet que \u00able nombre de si\u00e8ges ne peut \u00eatre inf\u00e9rieur \u00e0 trois si\u00e8ges pour les wilayas dont le nombre de la population est inf\u00e9rieur \u00e0 200\u00a0000 habitants\u00bb. Betatache signale \u00e0 cet effet que cela pose un probl\u00e8me par rapport au ratio d\u00e9fini dans le m\u00eame article (120\u00a0000 habitants et l\u2019affectation d\u2019un si\u00e8ge suppl\u00e9mentaire pour chaque tranche restante de 60\u00a0000 habitants).<\/span><\/p>\n<p class=\"p7\"><span class=\"s3\">D\u2019apr\u00e8s lui, si l\u2019on se base sur ce ratio, une wilaya de 240\u00a0000 habitants n\u2019aura que deux si\u00e8ges (un si\u00e8ge pour 120\u00a0000 habitants). Elle n\u2019aura pas donc trois, puisque sa population n\u2019est pas inf\u00e9rieure \u00e0 200\u00a0000. Il ajoute que ce seuil \u00abminimal\u00bb devrait \u00eatre de 300\u00a0000 et non 200\u00a0000. A noter, en dernier lieu,\u00a0que le nombre de si\u00e8ges \u00e0 pourvoir \u00e9tait de 380 en 1997. Il a \u00e9t\u00e9 port\u00e9 \u00e0 la hausse en 2012 (462). Aujourd\u2019hui, il vient donc d\u2019\u00eatre revu \u00e0 la baisse (407).\u00a0<\/span><\/p>\n<p><span class=\"post-views-label\">Post Views:<\/span> <span class=\"post-views-count\">369<\/span><\/p>\n<p><br class=\"c2\"\/><\/p>\n<div class=\"ichhar-moneytagnative c4\" id=\"ichhar-1871506618\">\n<p>Advertisements<\/p>\n<\/div>\n<p><br class=\"c2\"\/><br \/>\n<br class=\"c5\"\/><\/p>\n<p>Auteur: Anis Khecheba<br \/>\n<a href=\"https:\/\/www.elwatan.com\/edition\/actualite\/moins-de-deputes-malgre-une-hausse-du-nombre-de-wilayas-18-03-2021\">Cliquez ici pour lire l&rsquo;article depuis sa source.<\/a><\/p>\n","protected":false},"excerpt":{"rendered":"<p>Publication de l\u2019ordonnance relative aux circonscriptions \u00e9lectorales Photo : H. Ly\u00e8s &#8211; Les autorit\u00e9s ont proc\u00e9d\u00e9 \u00e0 un changement de ratio pour fixer le nombre de si\u00e8ges pour chaque circonscription L\u2019ordonnance n\u00b021-02 d\u00e9terminant les circonscriptions \u00e9lectorales et le nombre de si\u00e8ges \u00e0 pourvoir pour les \u00e9lections du Parlement a \u00e9t\u00e9 publi\u00e9e mardi au Journal officiel. [&hellip;]<\/p>\n","protected":false},"author":1743,"featured_media":0,"comment_status":"closed","ping_status":"closed","sticky":false,"template":"","format":"standard","meta":{"fifu_image_url":"https:\/\/www.elwatan.com\/wp-content\/uploads\/2021\/03\/APN.gif","fifu_image_alt":"Moins de d\u00e9put\u00e9s malgr\u00e9 une hausse du nombre de wilayas","footnotes":""},"categories":[73,53],"tags":[],"class_list":["post-113317","post","type-post","status-publish","format-standard","hentry","category-actualite","category-algerie"],"_links":{"self":[{"href":"https:\/\/linitiative.ca\/International\/wp-json\/wp\/v2\/posts\/113317","targetHints":{"allow":["GET"]}}],"collection":[{"href":"https:\/\/linitiative.ca\/International\/wp-json\/wp\/v2\/posts"}],"about":[{"href":"https:\/\/linitiative.ca\/International\/wp-json\/wp\/v2\/types\/post"}],"author":[{"embeddable":true,"href":"https:\/\/linitiative.ca\/International\/wp-json\/wp\/v2\/users\/1743"}],"replies":[{"embeddable":true,"href":"https:\/\/linitiative.ca\/International\/wp-json\/wp\/v2\/comments?post=113317"}],"version-history":[{"count":0,"href":"https:\/\/linitiative.ca\/International\/wp-json\/wp\/v2\/posts\/113317\/revisions"}],"wp:attachment":[{"href":"https:\/\/linitiative.ca\/International\/wp-json\/wp\/v2\/media?parent=113317"}],"wp:term":[{"taxonomy":"category","embeddable":true,"href":"https:\/\/linitiative.ca\/International\/wp-json\/wp\/v2\/categories?post=113317"},{"taxonomy":"post_tag","embeddable":true,"href":"https:\/\/linitiative.ca\/International\/wp-json\/wp\/v2\/tags?post=113317"}],"curies":[{"name":"wp","href":"https:\/\/api.w.org\/{rel}","templated":true}]}}