{"id":113318,"date":"2021-03-18T05:48:26","date_gmt":"2021-03-18T09:48:26","guid":{"rendered":"https:\/\/linitiative.ca\/International\/presidence-boumediene-benattou-nomme-conseiller-charge-des-affaires-en-lien-avec-la-defense-et-la-securite\/"},"modified":"2021-03-18T05:48:26","modified_gmt":"2021-03-18T09:48:26","slug":"presidence-boumediene-benattou-nomme-conseiller-charge-des-affaires-en-lien-avec-la-defense-et-la-securite","status":"publish","type":"post","link":"https:\/\/linitiative.ca\/International\/presidence-boumediene-benattou-nomme-conseiller-charge-des-affaires-en-lien-avec-la-defense-et-la-securite\/","title":{"rendered":"Pr\u00e9sidence : Boumediene Benattou nomm\u00e9 conseiller charg\u00e9 des affaires en lien avec la d\u00e9fense et la s\u00e9curit\u00e9"},"content":{"rendered":"<h4 class=\"title-14\"\/>\n<div class=\"featured_image\"><img loading=\"lazy\" decoding=\"async\" width=\"283\" height=\"275\" src=\"https:\/\/www.elwatan.com\/wp-content\/uploads\/2021\/03\/boumediene-benattou.gif\" class=\"attachment-post-thumbnail size-post-thumbnail wp-post-image\" alt=\"\"\/><\/div>\n<p class=\"p2\"><span class=\"s1\"><strong>Le pr\u00e9sident de la R\u00e9publique, Abdelmadjid Tebboune, chef supr\u00eame des forces arm\u00e9es, ministre de la D\u00e9fense nationale, a nomm\u00e9 Boumediene Benattou, conseiller aupr\u00e8s du pr\u00e9sident de la\u00a0R\u00e9publique charg\u00e9 des Affaires en lien avec la d\u00e9fense et la s\u00e9curit\u00e9, a indiqu\u00e9 hier un communiqu\u00e9 de la pr\u00e9sidence de la R\u00e9publique.<\/strong><\/span><\/p>\n<p class=\"p2\"><span class=\"s1\"><em>\u00abAbdelmadjid Tebboune, pr\u00e9sident de la R\u00e9publique, chef supr\u00eame des\u00a0forces arm\u00e9es, ministre de la D\u00e9fense nationale, a nomm\u00e9 Boumediene\u00a0\u00a0Benattou, conseiller aupr\u00e8s du pr\u00e9sident de la R\u00e9publique, charg\u00e9 des\u00a0affaires en lien avec la d\u00e9fense et la s\u00e9curit\u00e9\u00bb<\/em><strong>, lit-on dans le communiqu\u00e9.<\/strong><\/span><\/p>\n<p><span class=\"post-views-label\">Post Views:<\/span> <span class=\"post-views-count\">580<\/span><\/p>\n<p><br class=\"c2\"\/><\/p>\n<div class=\"ichhar-moneytagnative c4\" id=\"ichhar-913304050\">\n<p>Advertisements<\/p>\n<\/div>\n<p><br class=\"c2\"\/><br \/>\n<br class=\"c5\"\/><\/p>\n<p>Auteur: Anis Khecheba<br \/>\n<a href=\"https:\/\/www.elwatan.com\/edition\/actualite\/presidence-boumediene-benattou-nomme-conseiller-charge-des-affaires-en-lien-avec-la-defense-et-la-securite-18-03-2021\">Cliquez ici pour lire l&rsquo;article depuis sa source.<\/a><\/p>\n","protected":false},"excerpt":{"rendered":"<p>Le pr\u00e9sident de la R\u00e9publique, Abdelmadjid Tebboune, chef supr\u00eame des forces arm\u00e9es, ministre de la D\u00e9fense nationale, a nomm\u00e9 Boumediene Benattou, conseiller aupr\u00e8s du pr\u00e9sident de la\u00a0R\u00e9publique charg\u00e9 des Affaires en lien avec la d\u00e9fense et la s\u00e9curit\u00e9, a indiqu\u00e9 hier un communiqu\u00e9 de la pr\u00e9sidence de la R\u00e9publique. \u00abAbdelmadjid Tebboune, pr\u00e9sident de la R\u00e9publique, [&hellip;]<\/p>\n","protected":false},"author":1743,"featured_media":0,"comment_status":"closed","ping_status":"closed","sticky":false,"template":"","format":"standard","meta":{"fifu_image_url":"https:\/\/www.elwatan.com\/wp-content\/uploads\/2021\/03\/boumediene-benattou.gif","fifu_image_alt":"Pr\u00e9sidence : Boumediene Benattou nomm\u00e9 conseiller charg\u00e9 des affaires en lien avec la d\u00e9fense et la s\u00e9curit\u00e9","footnotes":""},"categories":[73,53],"tags":[],"class_list":["post-113318","post","type-post","status-publish","format-standard","hentry","category-actualite","category-algerie"],"_links":{"self":[{"href":"https:\/\/linitiative.ca\/International\/wp-json\/wp\/v2\/posts\/113318","targetHints":{"allow":["GET"]}}],"collection":[{"href":"https:\/\/linitiative.ca\/International\/wp-json\/wp\/v2\/posts"}],"about":[{"href":"https:\/\/linitiative.ca\/International\/wp-json\/wp\/v2\/types\/post"}],"author":[{"embeddable":true,"href":"https:\/\/linitiative.ca\/International\/wp-json\/wp\/v2\/users\/1743"}],"replies":[{"embeddable":true,"href":"https:\/\/linitiative.ca\/International\/wp-json\/wp\/v2\/comments?post=113318"}],"version-history":[{"count":0,"href":"https:\/\/linitiative.ca\/International\/wp-json\/wp\/v2\/posts\/113318\/revisions"}],"wp:attachment":[{"href":"https:\/\/linitiative.ca\/International\/wp-json\/wp\/v2\/media?parent=113318"}],"wp:term":[{"taxonomy":"category","embeddable":true,"href":"https:\/\/linitiative.ca\/International\/wp-json\/wp\/v2\/categories?post=113318"},{"taxonomy":"post_tag","embeddable":true,"href":"https:\/\/linitiative.ca\/International\/wp-json\/wp\/v2\/tags?post=113318"}],"curies":[{"name":"wp","href":"https:\/\/api.w.org\/{rel}","templated":true}]}}