{"id":113320,"date":"2021-03-18T05:50:11","date_gmt":"2021-03-18T09:50:11","guid":{"rendered":"https:\/\/linitiative.ca\/International\/les-retraites-de-lanp-reviennent-a-la-charge\/"},"modified":"2021-03-18T05:50:11","modified_gmt":"2021-03-18T09:50:11","slug":"les-retraites-de-lanp-reviennent-a-la-charge","status":"publish","type":"post","link":"https:\/\/linitiative.ca\/International\/les-retraites-de-lanp-reviennent-a-la-charge\/","title":{"rendered":"Les retrait\u00e9s de l\u2019ANP reviennent \u00e0 la charge"},"content":{"rendered":"<h4 class=\"title-14\">Ils d\u00e9noncent le non-respect des promesses des autorit\u00e9s<\/h4>\n<div class=\"featured_image\"><img loading=\"lazy\" decoding=\"async\" width=\"1701\" height=\"873\" src=\"https:\/\/www.elwatan.com\/wp-content\/uploads\/2021\/03\/UNEEEEEEE-2.gif\" class=\"attachment-post-thumbnail size-post-thumbnail wp-post-image\" alt=\"\"\/> <span class=\"featured-image-caption\">Photo : Sami K.\/Archives<\/span><\/div>\n<p class=\"p1\"><span class=\"s2\"><strong>\u00abEntre 15\u00a0000 \u00e0 20\u00a0000 retrait\u00e9s de l\u2019ANP ont manifest\u00e9 \u00e0 Bentalha (Alger) pour r\u00e9clamer la satisfaction de leurs revendications. Mais, le rassemblement a \u00e9t\u00e9 r\u00e9prim\u00e9 par les forces de l\u2019ordre. Il y a eu plusieurs arrestations parmi les manifestants (\u2026).\u00bb<\/strong><\/span><\/p>\n<p class=\"p1\"><span class=\"s1\"><strong>L<\/strong><\/span><span class=\"s2\">es retrait\u00e9s de l\u2019Arm\u00e9e nationale populaire (ANP), qui ont observ\u00e9, avant-hier, des actions de protestation \u00e0 Alger, d\u00e9noncent la r\u00e9pression de leur mouvement par des forces de l\u2019ordre. <\/span><\/p>\n<p class=\"p2\"><span class=\"s2\"><em>\u00abEntre 15\u00a0000 \u00e0 20\u00a0000 retrait\u00e9s de l\u2019ANP ont manifest\u00e9 \u00e0 Bentalha<\/em> (Alger) <em>pour r\u00e9clamer la satisfaction de leurs revendications. Mais, le rassemblement a \u00e9t\u00e9 r\u00e9prim\u00e9 par les forces de l\u2019ordre. Il y a eu plusieurs arrestations parmi les manifestants.<\/em> <em>Les pratiques de la \u2018\u2018nouvelle Alg\u00e9rie\u2019\u2019 sont pires que celles de l\u2019ancien r\u00e9gime\u00bb<\/em>, s\u2019est indign\u00e9 A\u00efssa Bouzrara, coordinateur de l\u2019Est et membre de la Coordination nationale des militaires \u00e0 la retraite, des bless\u00e9s, des radi\u00e9s et des ayants droit, dans une d\u00e9claration \u00e0 <em>El Watan<\/em>.<\/span><\/p>\n<p class=\"p2\"><span class=\"s2\">Choqu\u00e9s par la r\u00e9action des forces de l\u2019ordre, environ 5000 membres de la Coordination nationale des militaires \u00e0 la retraite de l\u2019ANP ont march\u00e9 en pleine nuit vers la commune de A\u00efn Na\u00e2dja, escort\u00e9s par les forces de l\u2019ordre, a ajout\u00e9 notre source.<\/span><\/p>\n<p class=\"p2\"><span class=\"s2\">Ces actions de protestation ont \u00e9t\u00e9 organis\u00e9es en r\u00e9ponse \u00e0 la non-prise en charge de leurs dol\u00e9ances socioprofessionnelles par les hautes autorit\u00e9s du pays. En ao\u00fbt 2020, le minist\u00e8re de la D\u00e9fense nationale avait promis que les revendications des retrait\u00e9s, des bless\u00e9s et des invalides de l\u2019ANP seraient trait\u00e9es de fa\u00e7on <em>\u00abminutieuse et rigoureuse\u00bb.<\/em><\/span><\/p>\n<p class=\"p2\"><span class=\"s2\">Quelques mois plus t\u00f4t, le pr\u00e9sident de la R\u00e9publique s\u2019\u00e9tait aussi engag\u00e9 \u00e0 prendre en charge les revendications des anciens militaires en vue de <em>\u00abclore d\u00e9finitivement\u00bb<\/em> cet \u00e9pineux dossier. Le coordinateur de l\u2019Est d\u00e9nonce, quant \u00e0 lui, les <em>\u00abfausses promesses\u00bb<\/em> du minist\u00e8re de la D\u00e9fense nationale et du chef de l\u2019Etat. <em>\u00abNous allons continuer la mobilisation pour arracher nos droits l\u00e9gitimes\u00bb<\/em>, a promis Aissa Bouzrara.<\/span><\/p>\n<p class=\"p2\"><span class=\"s2\">Depuis plusieurs ann\u00e9es, les militaires \u00e0 la retraite multiplient les actions de protestation \u00e0 travers le pays, souvent r\u00e9prim\u00e9es par les forces de l\u2019ordre. Dans leur plateforme de revendications, les anciens militaires r\u00e9clament essentiellement une r\u00e9vision \u00e0 la hausse de leurs pensions de retraite, une prise en charge m\u00e9dicale de qualit\u00e9 pour les militaires bless\u00e9s, l\u2019acc\u00e8s aux logements sociaux et lots de terrain, la r\u00e9habilitation des militaires radi\u00e9s abusivement et l\u2019octroi des licences de taxi pour les anciens militaires.\u00a0<\/span><\/p>\n<p><span class=\"post-views-label\">Post Views:<\/span> <span class=\"post-views-count\">2\u00a0121<\/span><\/p>\n<p><br class=\"c2\"\/><\/p>\n<div class=\"ichhar-moneytagnative c4\" id=\"ichhar-596762848\">\n<p>Advertisements<\/p>\n<\/div>\n<p><br class=\"c2\"\/><br \/>\n<br class=\"c5\"\/><\/p>\n<p>Auteur: Anis Khecheba<br \/>\n<a href=\"https:\/\/www.elwatan.com\/edition\/actualite\/les-retraites-de-lanp-reviennent-a-la-charge-18-03-2021\">Cliquez ici pour lire l&rsquo;article depuis sa source.<\/a><\/p>\n","protected":false},"excerpt":{"rendered":"<p>Ils d\u00e9noncent le non-respect des promesses des autorit\u00e9s Photo : Sami K.\/Archives \u00abEntre 15\u00a0000 \u00e0 20\u00a0000 retrait\u00e9s de l\u2019ANP ont manifest\u00e9 \u00e0 Bentalha (Alger) pour r\u00e9clamer la satisfaction de leurs revendications. Mais, le rassemblement a \u00e9t\u00e9 r\u00e9prim\u00e9 par les forces de l\u2019ordre. Il y a eu plusieurs arrestations parmi les manifestants (\u2026).\u00bb Les retrait\u00e9s de [&hellip;]<\/p>\n","protected":false},"author":1743,"featured_media":0,"comment_status":"closed","ping_status":"closed","sticky":false,"template":"","format":"standard","meta":{"fifu_image_url":"https:\/\/www.elwatan.com\/wp-content\/uploads\/2021\/03\/UNEEEEEEE-2.gif","fifu_image_alt":"Les retrait\u00e9s de l\u2019ANP reviennent \u00e0 la charge","footnotes":""},"categories":[73,53],"tags":[],"class_list":["post-113320","post","type-post","status-publish","format-standard","hentry","category-actualite","category-algerie"],"_links":{"self":[{"href":"https:\/\/linitiative.ca\/International\/wp-json\/wp\/v2\/posts\/113320","targetHints":{"allow":["GET"]}}],"collection":[{"href":"https:\/\/linitiative.ca\/International\/wp-json\/wp\/v2\/posts"}],"about":[{"href":"https:\/\/linitiative.ca\/International\/wp-json\/wp\/v2\/types\/post"}],"author":[{"embeddable":true,"href":"https:\/\/linitiative.ca\/International\/wp-json\/wp\/v2\/users\/1743"}],"replies":[{"embeddable":true,"href":"https:\/\/linitiative.ca\/International\/wp-json\/wp\/v2\/comments?post=113320"}],"version-history":[{"count":0,"href":"https:\/\/linitiative.ca\/International\/wp-json\/wp\/v2\/posts\/113320\/revisions"}],"wp:attachment":[{"href":"https:\/\/linitiative.ca\/International\/wp-json\/wp\/v2\/media?parent=113320"}],"wp:term":[{"taxonomy":"category","embeddable":true,"href":"https:\/\/linitiative.ca\/International\/wp-json\/wp\/v2\/categories?post=113320"},{"taxonomy":"post_tag","embeddable":true,"href":"https:\/\/linitiative.ca\/International\/wp-json\/wp\/v2\/tags?post=113320"}],"curies":[{"name":"wp","href":"https:\/\/api.w.org\/{rel}","templated":true}]}}