{"id":113321,"date":"2021-03-18T06:30:00","date_gmt":"2021-03-18T10:30:00","guid":{"rendered":"https:\/\/linitiative.ca\/International\/le-president-mohamed-ennaceur-a-quitte-la-clinique\/"},"modified":"2021-03-18T06:30:00","modified_gmt":"2021-03-18T10:30:00","slug":"le-president-mohamed-ennaceur-a-quitte-la-clinique","status":"publish","type":"post","link":"https:\/\/linitiative.ca\/International\/le-president-mohamed-ennaceur-a-quitte-la-clinique\/","title":{"rendered":"Le Pr\u00e9sident Mohamed Ennaceur a quitt\u00e9 la clinique"},"content":{"rendered":"<p>L\u2019ancien pr\u00e9sident de la R\u00e9publique par int\u00e9rim, Mohamed Ennaceur a quitt\u00e9 jeudi matin la clinique o\u00f9 il avait \u00e9t\u00e9 admis la veille, suite \u00e0 un malaise, apprend Leaders de source proche de la famille. L\u2019\u00e9quipe m\u00e9dicale qui l\u2019avait pris en charge l\u2019a autoris\u00e9, apr\u00e8s consultations, analyses et explorations, jugeant son \u00e9tat de sant\u00e9 hors de danger, \u00e0 regagner son domicile o\u00f9 il doit observer une p\u00e9riode de repos, ajoute la m\u00eame source.<\/p>\n<p class=\"MsoNormal\">Le Pr\u00e9sident de la R\u00e9publique, Kais Saied avait tenu \u00e0 se rendre mercredi soir, d\u00e8s son retour de Tripoli, au chevet de M. Ennaceur pour s\u2019enqu\u00e9rir de sa sant\u00e9 et lui souhaiter prompt r\u00e9tablissement. Un geste d\u2019attention qui a \u00e9t\u00e9 hautement appr\u00e9ci\u00e9 par M. Ennaceur et ses proches.<\/p>\n<p>Auteur:<br \/>\n<a href=\"https:\/\/www.leaders.com.tn\/article\/31592-le-president-mohamed-ennaceur-a-quitte-la-clinique\">Cliquez ici pour lire l&rsquo;article depuis sa source.<\/a><\/p>\n","protected":false},"excerpt":{"rendered":"<p>L\u2019ancien pr\u00e9sident de la R\u00e9publique par int\u00e9rim, Mohamed Ennaceur a quitt\u00e9 jeudi matin la clinique o\u00f9 il avait \u00e9t\u00e9 admis la veille, suite \u00e0 un malaise, apprend Leaders de source proche de la famille. L\u2019\u00e9quipe m\u00e9dicale qui l\u2019avait pris en charge l\u2019a autoris\u00e9, apr\u00e8s consultations, analyses et explorations, jugeant son \u00e9tat de sant\u00e9 hors de [&hellip;]<\/p>\n","protected":false},"author":1772,"featured_media":0,"comment_status":"closed","ping_status":"closed","sticky":false,"template":"","format":"standard","meta":{"fifu_image_url":"","fifu_image_alt":"","footnotes":""},"categories":[73,55],"tags":[],"class_list":["post-113321","post","type-post","status-publish","format-standard","hentry","category-actualite","category-tunisie"],"_links":{"self":[{"href":"https:\/\/linitiative.ca\/International\/wp-json\/wp\/v2\/posts\/113321","targetHints":{"allow":["GET"]}}],"collection":[{"href":"https:\/\/linitiative.ca\/International\/wp-json\/wp\/v2\/posts"}],"about":[{"href":"https:\/\/linitiative.ca\/International\/wp-json\/wp\/v2\/types\/post"}],"author":[{"embeddable":true,"href":"https:\/\/linitiative.ca\/International\/wp-json\/wp\/v2\/users\/1772"}],"replies":[{"embeddable":true,"href":"https:\/\/linitiative.ca\/International\/wp-json\/wp\/v2\/comments?post=113321"}],"version-history":[{"count":0,"href":"https:\/\/linitiative.ca\/International\/wp-json\/wp\/v2\/posts\/113321\/revisions"}],"wp:attachment":[{"href":"https:\/\/linitiative.ca\/International\/wp-json\/wp\/v2\/media?parent=113321"}],"wp:term":[{"taxonomy":"category","embeddable":true,"href":"https:\/\/linitiative.ca\/International\/wp-json\/wp\/v2\/categories?post=113321"},{"taxonomy":"post_tag","embeddable":true,"href":"https:\/\/linitiative.ca\/International\/wp-json\/wp\/v2\/tags?post=113321"}],"curies":[{"name":"wp","href":"https:\/\/api.w.org\/{rel}","templated":true}]}}