{"id":113324,"date":"2021-03-18T06:00:00","date_gmt":"2021-03-18T10:00:00","guid":{"rendered":"https:\/\/linitiative.ca\/International\/un-enfant-ecrase-par-un-camion\/"},"modified":"2021-03-18T06:00:00","modified_gmt":"2021-03-18T10:00:00","slug":"un-enfant-ecrase-par-un-camion","status":"publish","type":"post","link":"https:\/\/linitiative.ca\/International\/un-enfant-ecrase-par-un-camion\/","title":{"rendered":"Un enfant \u00e9cras\u00e9 par un camion"},"content":{"rendered":"<p>La localit\u00e9 de Sidi Merouane a \u00e9t\u00e9 plong\u00e9e dans l\u2019\u00e9moi, ce mardi en milieu de matin\u00e9e, suite \u00e0 la mort tragique d\u2019un gar\u00e7on de 5 ans \u00e0 Ras-el-Bir, agglom\u00e9ration secondaire au sud du chef-lieu communal. La victime a \u00e9t\u00e9 \u00e9cras\u00e9e par un camion vers 10h 30min.<br \/>Alert\u00e9s, les services de la Protection civile se sont rendus \u00e0 la polyclinique du village, o\u00f9 la d\u00e9pouille mortelle a \u00e9t\u00e9 d\u00e9pos\u00e9e par un particulier, pour constater le d\u00e9c\u00e8s.<br \/>Originaire de la commune voisine de Zegha\u00efa, le gar\u00e7onnet \u00e9tait en visite familiale chez des parents dans la commune de Sidi Merouane, nous ont indiqu\u00e9 des proches de la famille. Ce drame rappelle celui du petit alg\u00e9rois mort, durant les vacances de \u00adprintemps de l\u2019ann\u00e9e pass\u00e9e, dans des conditions similaires, alors qu\u2019il \u00e9tait en s\u00e9jour familial dans la commune de Ba\u00efnan, au nord de Mila.<br \/>\u00c0 ce propos, un psychologue estime que les enfants en bas \u00e2ge d\u00e9barqu\u00e9s dans des lieux qui leur sont inconnus sont g\u00e9n\u00e9ralement plus expos\u00e9s aux dangers, car ils ne ma\u00eetrisent pas les rep\u00e8res de leur nouvel environnement et, de ce fait, ils ne savent pas d\u2019o\u00f9 le danger peut venir.<br \/>Aussi, appelle-t-il les parents \u00e0 surveiller leur jeune prog\u00e9niture en milieu \u00e9tranger.<br \/>K. Bouabdellah<\/p>\n<p>Auteur:<br \/>\n<a href=\"https:\/\/www.lesoirdalgerie.com\/regions\/un-enfant-ecrase-par-un-camion-58116\">Cliquez ici pour lire l&rsquo;article depuis sa source.<\/a><\/p>\n","protected":false},"excerpt":{"rendered":"<p>La localit\u00e9 de Sidi Merouane a \u00e9t\u00e9 plong\u00e9e dans l\u2019\u00e9moi, ce mardi en milieu de matin\u00e9e, suite \u00e0 la mort tragique d\u2019un gar\u00e7on de 5 ans \u00e0 Ras-el-Bir, agglom\u00e9ration secondaire au sud du chef-lieu communal. La victime a \u00e9t\u00e9 \u00e9cras\u00e9e par un camion vers 10h 30min.Alert\u00e9s, les services de la Protection civile se sont rendus [&hellip;]<\/p>\n","protected":false},"author":1741,"featured_media":0,"comment_status":"closed","ping_status":"closed","sticky":false,"template":"","format":"standard","meta":{"fifu_image_url":"","fifu_image_alt":"","footnotes":""},"categories":[73,53],"tags":[],"class_list":["post-113324","post","type-post","status-publish","format-standard","hentry","category-actualite","category-algerie"],"_links":{"self":[{"href":"https:\/\/linitiative.ca\/International\/wp-json\/wp\/v2\/posts\/113324","targetHints":{"allow":["GET"]}}],"collection":[{"href":"https:\/\/linitiative.ca\/International\/wp-json\/wp\/v2\/posts"}],"about":[{"href":"https:\/\/linitiative.ca\/International\/wp-json\/wp\/v2\/types\/post"}],"author":[{"embeddable":true,"href":"https:\/\/linitiative.ca\/International\/wp-json\/wp\/v2\/users\/1741"}],"replies":[{"embeddable":true,"href":"https:\/\/linitiative.ca\/International\/wp-json\/wp\/v2\/comments?post=113324"}],"version-history":[{"count":0,"href":"https:\/\/linitiative.ca\/International\/wp-json\/wp\/v2\/posts\/113324\/revisions"}],"wp:attachment":[{"href":"https:\/\/linitiative.ca\/International\/wp-json\/wp\/v2\/media?parent=113324"}],"wp:term":[{"taxonomy":"category","embeddable":true,"href":"https:\/\/linitiative.ca\/International\/wp-json\/wp\/v2\/categories?post=113324"},{"taxonomy":"post_tag","embeddable":true,"href":"https:\/\/linitiative.ca\/International\/wp-json\/wp\/v2\/tags?post=113324"}],"curies":[{"name":"wp","href":"https:\/\/api.w.org\/{rel}","templated":true}]}}