{"id":113325,"date":"2021-03-18T06:00:00","date_gmt":"2021-03-18T10:00:00","guid":{"rendered":"https:\/\/linitiative.ca\/International\/des-familles-de-harragas-bloquent-la-route-a-hai-el-abtal\/"},"modified":"2021-03-18T06:00:00","modified_gmt":"2021-03-18T10:00:00","slug":"des-familles-de-harragas-bloquent-la-route-a-hai-el-abtal","status":"publish","type":"post","link":"https:\/\/linitiative.ca\/International\/des-familles-de-harragas-bloquent-la-route-a-hai-el-abtal\/","title":{"rendered":"Des familles de harragas bloquent la route \u00e0 Hai-el-Abtal"},"content":{"rendered":"<p>N\u2019ayant re\u00e7u aucune nouvelle de leurs enfants depuis leur embarquement, vendredi dernier, d\u2019une plage de Annaba pour une tentative d\u2019\u00e9migration clandestine vers les c\u00f4tes sardes (Italie), les familles des harragas ont bloqu\u00e9 la route au quartier Hai-el-Abtal, de la plaine ouest de Annaba, \u00e0 l\u2019aide d\u2019objets h\u00e9t\u00e9roclites.<br \/>Ils demandent aux autorit\u00e9s de les aider \u00e0 avoir des nouvelles de leurs enfants. \u00ab Nous avons contact\u00e9 les gardes-c\u00f4tes afin d\u2019intensifier les recherches pour retrouver nos enfants dont nous sommes sans nouvelle depuis plus de six jours de leur d\u00e9part \u00e0 bord d\u2019une embarcation de fortune \u00bb, ont indiqu\u00e9 les parents des harragas, angoiss\u00e9s, et priant pour revoir rapidement leur prog\u00e9niture saine et sauve.<br \/>Certains protestataires insistent sur la piste tunisienne parmi celles o\u00f9 leurs enfants se trouveraient \u00e9ventuellement. \u00ab Il y a eu, ces derni\u00e8res ann\u00e9es, des cas de jeunes harragas de Annaba qui avaient \u00e9chou\u00e9 sur les c\u00f4tes tunisiennes apr\u00e8s des pannes de moteurs de leur embarcation. Ils avaient d\u00e9riv\u00e9 pendant des jours avant d\u2019\u00eatre recueillis par les gardes-c\u00f4tes du pays voisin de l\u2019Est.<br \/>Certains ont m\u00eame \u00e9t\u00e9 rapatri\u00e9s apr\u00e8s intervention des autorit\u00e9s alg\u00e9riennes. Nous sommes presque certains qu\u2019ils ne sont pas arriv\u00e9s en Sardaigne. Si c\u2019\u00e9tait le cas, ils nous auraient inform\u00e9s \u00bb, affirment les parents. Apr\u00e8s l\u2019intervention des forces de l\u2019ordre qui ont calm\u00e9 les protestataires, ces derniers ont consenti \u00e0 ouvrir la route \u00e0 la circulation. Ils estiment qu\u2019ils avaient proc\u00e9d\u00e9 de la sorte uniquement pour attirer l&rsquo;attention des autorit\u00e9s concern\u00e9es sur une question humaine.<br \/>\u00ab Les m\u00e8res des jeunes dont elles ignorent le sort, se trouvent dans une situation lamentable. Sans sommeil depuis des jours, elles refusent m\u00eame de s\u2019alimenter, avant d\u2019avoir des nouvelles de leurs enfants \u00bb, dira l\u2019un des protestataires.<br \/>A. Bouacha<\/p>\n<p>Auteur:<br \/>\n<a href=\"https:\/\/www.lesoirdalgerie.com\/regions\/des-familles-de-harragas-bloquent-la-route-a-hai-el-abtal-58115\">Cliquez ici pour lire l&rsquo;article depuis sa source.<\/a><\/p>\n","protected":false},"excerpt":{"rendered":"<p>N\u2019ayant re\u00e7u aucune nouvelle de leurs enfants depuis leur embarquement, vendredi dernier, d\u2019une plage de Annaba pour une tentative d\u2019\u00e9migration clandestine vers les c\u00f4tes sardes (Italie), les familles des harragas ont bloqu\u00e9 la route au quartier Hai-el-Abtal, de la plaine ouest de Annaba, \u00e0 l\u2019aide d\u2019objets h\u00e9t\u00e9roclites.Ils demandent aux autorit\u00e9s de les aider \u00e0 avoir [&hellip;]<\/p>\n","protected":false},"author":1741,"featured_media":0,"comment_status":"closed","ping_status":"closed","sticky":false,"template":"","format":"standard","meta":{"fifu_image_url":"","fifu_image_alt":"","footnotes":""},"categories":[73,53],"tags":[],"class_list":["post-113325","post","type-post","status-publish","format-standard","hentry","category-actualite","category-algerie"],"_links":{"self":[{"href":"https:\/\/linitiative.ca\/International\/wp-json\/wp\/v2\/posts\/113325","targetHints":{"allow":["GET"]}}],"collection":[{"href":"https:\/\/linitiative.ca\/International\/wp-json\/wp\/v2\/posts"}],"about":[{"href":"https:\/\/linitiative.ca\/International\/wp-json\/wp\/v2\/types\/post"}],"author":[{"embeddable":true,"href":"https:\/\/linitiative.ca\/International\/wp-json\/wp\/v2\/users\/1741"}],"replies":[{"embeddable":true,"href":"https:\/\/linitiative.ca\/International\/wp-json\/wp\/v2\/comments?post=113325"}],"version-history":[{"count":0,"href":"https:\/\/linitiative.ca\/International\/wp-json\/wp\/v2\/posts\/113325\/revisions"}],"wp:attachment":[{"href":"https:\/\/linitiative.ca\/International\/wp-json\/wp\/v2\/media?parent=113325"}],"wp:term":[{"taxonomy":"category","embeddable":true,"href":"https:\/\/linitiative.ca\/International\/wp-json\/wp\/v2\/categories?post=113325"},{"taxonomy":"post_tag","embeddable":true,"href":"https:\/\/linitiative.ca\/International\/wp-json\/wp\/v2\/tags?post=113325"}],"curies":[{"name":"wp","href":"https:\/\/api.w.org\/{rel}","templated":true}]}}