{"id":113327,"date":"2021-03-18T06:00:00","date_gmt":"2021-03-18T10:00:00","guid":{"rendered":"https:\/\/linitiative.ca\/International\/ramzi-belhadj-part-en-campagne\/"},"modified":"2021-03-18T06:00:00","modified_gmt":"2021-03-18T10:00:00","slug":"ramzi-belhadj-part-en-campagne","status":"publish","type":"post","link":"https:\/\/linitiative.ca\/International\/ramzi-belhadj-part-en-campagne\/","title":{"rendered":"Ramzi Belhadj part en campagne"},"content":{"rendered":"<p>En plus de Rabah Bouarifi, l\u2019actuel pr\u00e9sident de la F\u00e9d\u00e9ration alg\u00e9rienne de basket-ball (FABB), qui compte briguer un autre mandat \u00e0 l\u2019occasion de l\u2019assembl\u00e9e g\u00e9n\u00e9rale \u00e9lective du 10 avril prochain, le Dr Ramzy Belhadj, pr\u00e9sident de l\u2019OMS Miliana, \u00e9voluant en superdivision, annonce sa candidature pour le poste de pr\u00e9sident. Tout en mesurant la difficult\u00e9 de la situation et l\u2019ampleur des responsabilit\u00e9s, le Dr. Ramzi, m\u00e9decin sp\u00e9cialis\u00e9 en chirurgie orthop\u00e9dique, a d\u2019ores et d\u00e9j\u00e0 entam\u00e9 sa campagne \u00e9lectorale en sillonnant plusieurs r\u00e9gions du pays pour la pr\u00e9sentation de son programme qu\u2019il juge ambitieux, \u00e0 la recherche du soutien du plus grand nombre des membres de l\u2019assembl\u00e9e g\u00e9n\u00e9rale de la FABB. L\u2019ancien m\u00e9decin f\u00e9d\u00e9ral, qui s\u2019engage \u00e0 \u00e9lever le niveau du joueur alg\u00e9rien, qui apr\u00e8s avoir rencontr\u00e9 les repr\u00e9sentants de certains clubs du centre, part ce week-end en tourn\u00e9e dans l\u2019ouest du pays \u00e0 la rencontre des responsables des diff\u00e9rents clubs, mais aussi des sportifs. Dans son programme, le Dr Belhadj, conscient des difficult\u00e9s auxquelles il fera face, s\u2019engage \u00e0 \u00e9lever le niveau du joueur alg\u00e9rien et \u00e0 relever les d\u00e9fis. Ancien joueur international, ayant port\u00e9 les couleurs du SC Miliana, du MC Alger, de l\u2019ASPTT Alger et de l&rsquo;OMS Miliana, le Dr Ramzi Belhadj a particip\u00e9 avec les Verts \u00e0 deux Championnats arabes de basket-ball des nations, au Liban et en \u00c9gypte. Il donne rendez-vous le 10 avril. Entre-temps, il compte pr\u00e9senter son programme \u00e0 tous les acteurs et les adeptes de la discipline.<br \/>A. A.<\/p>\n<p>Auteur:<br \/>\n<a href=\"https:\/\/www.lesoirdalgerie.com\/sports\/ramzi-belhadj-part-en-campagne-58113\">Cliquez ici pour lire l&rsquo;article depuis sa source.<\/a><\/p>\n","protected":false},"excerpt":{"rendered":"<p>En plus de Rabah Bouarifi, l\u2019actuel pr\u00e9sident de la F\u00e9d\u00e9ration alg\u00e9rienne de basket-ball (FABB), qui compte briguer un autre mandat \u00e0 l\u2019occasion de l\u2019assembl\u00e9e g\u00e9n\u00e9rale \u00e9lective du 10 avril prochain, le Dr Ramzy Belhadj, pr\u00e9sident de l\u2019OMS Miliana, \u00e9voluant en superdivision, annonce sa candidature pour le poste de pr\u00e9sident. Tout en mesurant la difficult\u00e9 de [&hellip;]<\/p>\n","protected":false},"author":1741,"featured_media":0,"comment_status":"closed","ping_status":"closed","sticky":false,"template":"","format":"standard","meta":{"fifu_image_url":"","fifu_image_alt":"","footnotes":""},"categories":[73,53],"tags":[],"class_list":["post-113327","post","type-post","status-publish","format-standard","hentry","category-actualite","category-algerie"],"_links":{"self":[{"href":"https:\/\/linitiative.ca\/International\/wp-json\/wp\/v2\/posts\/113327","targetHints":{"allow":["GET"]}}],"collection":[{"href":"https:\/\/linitiative.ca\/International\/wp-json\/wp\/v2\/posts"}],"about":[{"href":"https:\/\/linitiative.ca\/International\/wp-json\/wp\/v2\/types\/post"}],"author":[{"embeddable":true,"href":"https:\/\/linitiative.ca\/International\/wp-json\/wp\/v2\/users\/1741"}],"replies":[{"embeddable":true,"href":"https:\/\/linitiative.ca\/International\/wp-json\/wp\/v2\/comments?post=113327"}],"version-history":[{"count":0,"href":"https:\/\/linitiative.ca\/International\/wp-json\/wp\/v2\/posts\/113327\/revisions"}],"wp:attachment":[{"href":"https:\/\/linitiative.ca\/International\/wp-json\/wp\/v2\/media?parent=113327"}],"wp:term":[{"taxonomy":"category","embeddable":true,"href":"https:\/\/linitiative.ca\/International\/wp-json\/wp\/v2\/categories?post=113327"},{"taxonomy":"post_tag","embeddable":true,"href":"https:\/\/linitiative.ca\/International\/wp-json\/wp\/v2\/tags?post=113327"}],"curies":[{"name":"wp","href":"https:\/\/api.w.org\/{rel}","templated":true}]}}