{"id":113328,"date":"2021-03-18T06:00:00","date_gmt":"2021-03-18T10:00:00","guid":{"rendered":"https:\/\/linitiative.ca\/International\/lag-elective-fixee-au-15-avril\/"},"modified":"2021-03-18T06:00:00","modified_gmt":"2021-03-18T10:00:00","slug":"lag-elective-fixee-au-15-avril","status":"publish","type":"post","link":"https:\/\/linitiative.ca\/International\/lag-elective-fixee-au-15-avril\/","title":{"rendered":"L\u2019AG \u00e9lective fix\u00e9e au 15 avril"},"content":{"rendered":"<p>L&rsquo;assembl\u00e9e g\u00e9n\u00e9rale \u00e9lective (AGE) de la F\u00e9d\u00e9ration alg\u00e9rienne de handball (FAHB), se tiendra jeudi 15 avril au si\u00e8ge du Comit\u00e9 olympique alg\u00e9rien (COA) \u00e0 Ben Aknoun (Alger), a annonc\u00e9, hier, l&rsquo;instance f\u00e9d\u00e9rale dans un communiqu\u00e9. Ce rendez-vous \u00e9lectif sera pr\u00e9c\u00e9d\u00e9 par l&rsquo;assembl\u00e9e g\u00e9n\u00e9rale ordinaire (AGO), pr\u00e9vue le vendredi 2 avril au si\u00e8ge du COA. Au cours de cette AGO, les membres de l&rsquo;assembl\u00e9e g\u00e9n\u00e9rale seront invit\u00e9s \u00e0 adopter les bilans moral et financier. Il sera \u00e9galement proc\u00e9d\u00e9 \u00e0 l&rsquo;installation des commissions de candidatures, de recours, et de passation de consignes. Pour rappel, le pr\u00e9sident sortant de la FAHB Habib Labane, \u00e9lu le 1er avril 2017 en remplacement de Sa\u00efd Bouamra, a d\u00e9cid\u00e9 de briguer un deuxi\u00e8me mandat. Le pr\u00e9sident de la JSE Skikda Yassine Aliout est \u00e9galement candidat \u00e0 la pr\u00e9sidence, tout comme le pr\u00e9sident de la Ligue de B\u00e9ja\u00efa Mohamed Aloui.<\/p>\n<p>Auteur:<br \/>\n<a href=\"https:\/\/www.lesoirdalgerie.com\/sports\/lag-elective-fixee-au-15-avril-58112\">Cliquez ici pour lire l&rsquo;article depuis sa source.<\/a><\/p>\n","protected":false},"excerpt":{"rendered":"<p>L&rsquo;assembl\u00e9e g\u00e9n\u00e9rale \u00e9lective (AGE) de la F\u00e9d\u00e9ration alg\u00e9rienne de handball (FAHB), se tiendra jeudi 15 avril au si\u00e8ge du Comit\u00e9 olympique alg\u00e9rien (COA) \u00e0 Ben Aknoun (Alger), a annonc\u00e9, hier, l&rsquo;instance f\u00e9d\u00e9rale dans un communiqu\u00e9. Ce rendez-vous \u00e9lectif sera pr\u00e9c\u00e9d\u00e9 par l&rsquo;assembl\u00e9e g\u00e9n\u00e9rale ordinaire (AGO), pr\u00e9vue le vendredi 2 avril au si\u00e8ge du COA. Au [&hellip;]<\/p>\n","protected":false},"author":1741,"featured_media":0,"comment_status":"closed","ping_status":"closed","sticky":false,"template":"","format":"standard","meta":{"fifu_image_url":"","fifu_image_alt":"","footnotes":""},"categories":[73,53],"tags":[],"class_list":["post-113328","post","type-post","status-publish","format-standard","hentry","category-actualite","category-algerie"],"_links":{"self":[{"href":"https:\/\/linitiative.ca\/International\/wp-json\/wp\/v2\/posts\/113328","targetHints":{"allow":["GET"]}}],"collection":[{"href":"https:\/\/linitiative.ca\/International\/wp-json\/wp\/v2\/posts"}],"about":[{"href":"https:\/\/linitiative.ca\/International\/wp-json\/wp\/v2\/types\/post"}],"author":[{"embeddable":true,"href":"https:\/\/linitiative.ca\/International\/wp-json\/wp\/v2\/users\/1741"}],"replies":[{"embeddable":true,"href":"https:\/\/linitiative.ca\/International\/wp-json\/wp\/v2\/comments?post=113328"}],"version-history":[{"count":0,"href":"https:\/\/linitiative.ca\/International\/wp-json\/wp\/v2\/posts\/113328\/revisions"}],"wp:attachment":[{"href":"https:\/\/linitiative.ca\/International\/wp-json\/wp\/v2\/media?parent=113328"}],"wp:term":[{"taxonomy":"category","embeddable":true,"href":"https:\/\/linitiative.ca\/International\/wp-json\/wp\/v2\/categories?post=113328"},{"taxonomy":"post_tag","embeddable":true,"href":"https:\/\/linitiative.ca\/International\/wp-json\/wp\/v2\/tags?post=113328"}],"curies":[{"name":"wp","href":"https:\/\/api.w.org\/{rel}","templated":true}]}}