{"id":113329,"date":"2021-03-18T17:14:40","date_gmt":"2021-03-18T21:14:40","guid":{"rendered":"https:\/\/linitiative.ca\/International\/tunisie-france-emmanuel-macron-a-appele-kais-saied-pour-cette-raison\/"},"modified":"2021-03-18T17:14:40","modified_gmt":"2021-03-18T21:14:40","slug":"tunisie-france-emmanuel-macron-a-appele-kais-saied-pour-cette-raison","status":"publish","type":"post","link":"https:\/\/linitiative.ca\/International\/tunisie-france-emmanuel-macron-a-appele-kais-saied-pour-cette-raison\/","title":{"rendered":"Tunisie-France: Emmanuel Macron a appel\u00e9 Kais Saied pour cette raison"},"content":{"rendered":"<div class=\"post-cont-in left relative\">\n<div id=\"post-info-wrap\" class=\"left relative post-info-out\">\n<div class=\"post-info-img left relative\"><img decoding=\"async\" alt=\"\" src=\"https:\/\/secure.gravatar.com\/avatar\/ea481d7287ad38ca1787f44b5bb1b70e?s=50&amp;d=mm&amp;r=g\" srcset=\"https:\/\/secure.gravatar.com\/avatar\/ea481d7287ad38ca1787f44b5bb1b70e?s=100&amp;d=mm&amp;r=g 2x\" class=\"avatar avatar-50 photo\" height=\"50\" width=\"50\" loading=\"lazy\"\/><\/div>\n<div class=\"post-info-in\">\n<div class=\"post-info-right left relative post-info-name left relative\"><span><span class=\"post-info-text\">Par<\/span> <span class=\"author-name vcard fn author\"><a href=\"https:\/\/www.tunisienumerique.com\/author\/rania-ben-slimane\/\" title=\"Articles par rania ben slimane\" rel=\"author\">rania ben slimane<\/a><\/span><\/span> <span class=\"post-date updated\"><time class=\"post-date updated\" datetime=\"2021-03-18\">\u00a0| Il y a 20 secondes<\/time><\/span><br \/>\n<meta itemprop=\"dateModified\" content=\"2021-03-18\"\/><\/div>\n<div class=\"left relative\"><button id=\"listenButton1\" class=\"responsivevoice-button\" type=\"button\" value=\"Play\" title=\"\u00c9coutez l'article\"><span>\ud83d\udd0a \u00c9coutez l&rsquo;article<\/span><\/button>\n<\/div>\n<\/div>\n<\/div>\n<p>Le pr\u00e9sident de la R\u00e9publique, Kais Saied, a re\u00e7u ce soir, jeudi 18 mars 2021, un coup de t\u00e9l\u00e9phone du pr\u00e9sident fran\u00e7ais, Emmanuel Macron, \u00e0 qui il a adress\u00e9 ses f\u00e9licitations \u00e0 l\u2019occasion de la c\u00e9l\u00e9bration du soixante-cinqui\u00e8me anniversaire de l\u2019ind\u00e9pendance de la Tunisie.<\/p>\n<div class=\"code-block code-block-1 c4\">\n <ins class=\"adsbygoogle c3\" data-ad-layout=\"in-article\" data-ad-format=\"fluid\" data-ad-client=\"ca-pub-2102118777505746\" data-ad-slot=\"7301775417\"\/>\n<\/div>\n<p>Cet appel a \u00e9t\u00e9 une occasion aux deux pr\u00e9sidents pour discuter d\u2019un certain nombre de questions, y compris celles li\u00e9es \u00e0 la situation sanitaire dans les deux pays et dans le monde en g\u00e9n\u00e9ral.<\/p>\n<p>Il a \u00e9t\u00e9 particuli\u00e8rement soulign\u00e9 dans ce contexte que cette pand\u00e9mie ne peut \u00eatre combattue que si les nations s\u2019unissent.<\/p>\n<p>Dans le m\u00eame cadre, le pr\u00e9sident fran\u00e7ais a exprim\u00e9 la disponibilit\u00e9 de son pays \u00e0 soutenir les efforts tunisiens, que ce soit pour lutter contre la pand\u00e9mie du Coronavirus ou dans le cadre de la coop\u00e9ration bilat\u00e9rale entre les deux pays.<\/p>\n<p>En outre, les deux pr\u00e9sidents ont \u00e9voqu\u00e9 l\u2019\u00e9tat d\u2019avancement des pr\u00e9paratifs pour l\u2019organisation du Sommet de la Francophonie sur l\u2019\u00eele de Djerba en novembre 2021 et les obstacles qui subsistants pour les surmonter et assurer le succ\u00e8s de cet important \u00e9v\u00e8nement.<\/p>\n<p>Les deux dirigeants ont \u00e9galement \u00e9voqu\u00e9 la question de la situation en Libye, suite \u00e0 la visite de Kais Saied hier \u00e0 Tripoli.<\/p>\n<p>A ce sujet, Kais a mis l\u2019accent sur le fait que la solution en Libye ne peut \u00e9maner que des libyens eux-m\u00eames, et que les \u00e9lections qui se tiendront le 24 d\u00e9cembre prochain doivent avoir lieu \u00e0 temps pour que le peuple libyen retrouve sa pleine souverainet\u00e9 et l\u2019\u00e9tendre sur toutes leurs terres sur la base de la pure l\u00e9gitimit\u00e9 libyenne.<\/p>\n<div class=\"swp_social_panel swp_horizontal_panel swp_flat_fresh swp_default_full_color swp_individual_full_color swp_other_full_color scale-100 scale-\" data-min-width=\"1100\" data-float-color=\"#ffffff\" data-float=\"bottom\" data-float-mobile=\"bottom\" data-transition=\"slide\">\n<div class=\"nc_tweetContainer swp_share_button total_shares total_sharesalt\"><span class=\"swp_count\">0 <span class=\"swp_label\">Partages<\/span><\/span><\/div>\n<\/div>\n<p><strong>Que se passe-t-il en Tunisie?<\/strong><br \/>Nous expliquons sur notre <a href=\"https:\/\/www.youtube.com\/channel\/UCRzypVq0B_yBad5eGrwBx0Q?sub_confirmation=1\" target=\"_blank\" rel=\"noopener\">cha\u00eene YouTube<\/a> . <a href=\"https:\/\/www.youtube.com\/channel\/UCRzypVq0B_yBad5eGrwBx0Q?sub_confirmation=1\" target=\"_blank\" rel=\"noopener\">Abonnez-vous!<\/a><\/p>\n<div class=\"mvp-org-wrap\" itemprop=\"publisher\">\n<div class=\"mvp-org-logo\" itemprop=\"logo\"><img decoding=\"async\" src=\"https:\/\/www.tunisienumerique.com\/wp-content\/uploads\/2017\/02\/logo_tunisie_numerique.png\"\/><br \/>\n<meta itemprop=\"url\" content=\"https:\/\/www.tunisienumerique.com\/wp-content\/uploads\/2017\/02\/logo_tunisie_numerique.png\"\/><\/div>\n<p><meta content=\"Tunisie\"\/><\/div>\n<div class=\"mvp-related-posts left relative\">\n<h4 class=\"post-header\"><span class=\"post-header\">Lire aussi<\/span><\/h4>\n<\/div>\n<div id=\"article-ad\">\n <ins class=\"adsbygoogle c5\" data-ad-client=\"ca-pub-2102118777505746\" data-ad-slot=\"6513972734\" data-ad-format=\"auto\" data-full-width-responsive=\"true\"\/>\n<\/div>\n<\/div>\n<div id=\"post-sidebar-wrap\">\n <ins class=\"adsbygoogle c5\" data-ad-client=\"ca-pub-2102118777505746\" data-ad-slot=\"6168283410\" data-ad-format=\"auto\" data-full-width-responsive=\"true\"\/>\n<\/div>\n<p>Auteur: rania ben slimane<br \/>\n<a href=\"https:\/\/www.tunisienumerique.com\/tunisie-france-emmanuel-macron-a-appele-kais-saied-pour-cette-raison\/\">Cliquez ici pour lire l&rsquo;article depuis sa source.<\/a><\/p>\n","protected":false},"excerpt":{"rendered":"<p>Par rania ben slimane \u00a0| Il y a 20 secondes \ud83d\udd0a \u00c9coutez l&rsquo;article Le pr\u00e9sident de la R\u00e9publique, Kais Saied, a re\u00e7u ce soir, jeudi 18 mars 2021, un coup de t\u00e9l\u00e9phone du pr\u00e9sident fran\u00e7ais, Emmanuel Macron, \u00e0 qui il a adress\u00e9 ses f\u00e9licitations \u00e0 l\u2019occasion de la c\u00e9l\u00e9bration du soixante-cinqui\u00e8me anniversaire de l\u2019ind\u00e9pendance de [&hellip;]<\/p>\n","protected":false},"author":1789,"featured_media":0,"comment_status":"closed","ping_status":"closed","sticky":false,"template":"","format":"standard","meta":{"fifu_image_url":"https:\/\/secure.gravatar.com\/avatar\/ea481d7287ad38ca1787f44b5bb1b70e?s=50&d=mm&r=g","fifu_image_alt":"Tunisie-France: Emmanuel Macron a appel\u00e9 Kais Saied pour cette raison","footnotes":""},"categories":[73,55],"tags":[],"class_list":["post-113329","post","type-post","status-publish","format-standard","hentry","category-actualite","category-tunisie"],"_links":{"self":[{"href":"https:\/\/linitiative.ca\/International\/wp-json\/wp\/v2\/posts\/113329","targetHints":{"allow":["GET"]}}],"collection":[{"href":"https:\/\/linitiative.ca\/International\/wp-json\/wp\/v2\/posts"}],"about":[{"href":"https:\/\/linitiative.ca\/International\/wp-json\/wp\/v2\/types\/post"}],"author":[{"embeddable":true,"href":"https:\/\/linitiative.ca\/International\/wp-json\/wp\/v2\/users\/1789"}],"replies":[{"embeddable":true,"href":"https:\/\/linitiative.ca\/International\/wp-json\/wp\/v2\/comments?post=113329"}],"version-history":[{"count":0,"href":"https:\/\/linitiative.ca\/International\/wp-json\/wp\/v2\/posts\/113329\/revisions"}],"wp:attachment":[{"href":"https:\/\/linitiative.ca\/International\/wp-json\/wp\/v2\/media?parent=113329"}],"wp:term":[{"taxonomy":"category","embeddable":true,"href":"https:\/\/linitiative.ca\/International\/wp-json\/wp\/v2\/categories?post=113329"},{"taxonomy":"post_tag","embeddable":true,"href":"https:\/\/linitiative.ca\/International\/wp-json\/wp\/v2\/tags?post=113329"}],"curies":[{"name":"wp","href":"https:\/\/api.w.org\/{rel}","templated":true}]}}