{"id":113331,"date":"2021-03-18T17:27:10","date_gmt":"2021-03-18T21:27:10","guid":{"rendered":"https:\/\/linitiative.ca\/International\/assemblee-nationaleune-delegation-de-lunion-europeenne-chez-le-chef-du-parlement\/"},"modified":"2021-03-18T17:27:10","modified_gmt":"2021-03-18T21:27:10","slug":"assemblee-nationaleune-delegation-de-lunion-europeenne-chez-le-chef-du-parlement","status":"publish","type":"post","link":"https:\/\/linitiative.ca\/International\/assemblee-nationaleune-delegation-de-lunion-europeenne-chez-le-chef-du-parlement\/","title":{"rendered":"Assembl\u00e9e nationale:une d\u00e9l\u00e9gation de l\u2019Union europ\u00e9enne  chez le chef du parlement"},"content":{"rendered":"<div class=\"td-post-content tagdiv-type\" readability=\"44\">\n<div class=\"td-post-featured-image\"><a href=\"https:\/\/www.sidwaya.info\/wp-content\/uploads\/2021\/03\/presidan19.jpg\" data-caption=\"\"><img loading=\"lazy\" decoding=\"async\" width=\"696\" height=\"464\" class=\"entry-thumb td-modal-image\" src=\"https:\/\/www.sidwaya.info\/wp-content\/uploads\/2021\/03\/presidan19-696x464.jpg\" srcset=\"https:\/\/www.sidwaya.info\/wp-content\/uploads\/2021\/03\/presidan19-696x464.jpg 696w, https:\/\/www.sidwaya.info\/wp-content\/uploads\/2021\/03\/presidan19-300x200.jpg 300w, https:\/\/www.sidwaya.info\/wp-content\/uploads\/2021\/03\/presidan19-768x512.jpg 768w, https:\/\/www.sidwaya.info\/wp-content\/uploads\/2021\/03\/presidan19-150x100.jpg 150w, https:\/\/www.sidwaya.info\/wp-content\/uploads\/2021\/03\/presidan19-630x420.jpg 630w, https:\/\/www.sidwaya.info\/wp-content\/uploads\/2021\/03\/presidan19.jpg 787w\" sizes=\"auto, (max-width: 696px) 100vw, 696px\" alt=\"\" title=\"presidan19\"\/><\/a><\/div>\n<p>Une d\u00e9l\u00e9gation de l\u2019Union europ\u00e9enne avec \u00e0 sa t\u00eate Wolfram Wetter, chef de la d\u00e9l\u00e9gation de l\u2019UE au Burkina Faso a \u00e9t\u00e9 re\u00e7ue, le mercredi 17 mars 2021, par le Pr\u00e9sident de l\u2019Assembl\u00e9e nationale Alassane Bala Sakand\u00e9.<br \/>Plusieurs sujets au centre des \u00e9changes entre le Pr\u00e9sident Sakand\u00e9 et ses h\u00f4tes. Wolfram Wetter dit, d\u2019abord, \u00eatre venu f\u00e9liciter le chef du parlement burkinab\u00e8 pour le bon d\u00e9roulement des \u00e9lections du 22 novembre 2020. En saluant l\u2019aboutissement de ce processus \u00e9lectoral, il a exprim\u00e9 sa volont\u00e9 d\u2019accompagner l\u2019Etat burkinab\u00e8 pour les \u00e9lections municipales \u00e0 venir tout en prenant en compte les manquements constat\u00e9s. Pour cela, un programme sera \u00e9tabli pour soutenir le processus d\u00e9mocratique.<br \/>La pand\u00e9mie de la COVID-19 a \u00e9t\u00e9 abord\u00e9e entre les deux parties. Sur ce sujet, l\u2019Union europ\u00e9enne a inform\u00e9 l\u2019Assembl\u00e9e nationale de la campagne de vaccination \u00e0 venir. Le renforcement des capacit\u00e9s des \u00e9lus nationaux \u00e9tait aussi au menu des \u00e9changes.\u00bb Nous envisageons mettre en contact les d\u00e9put\u00e9s burkinab\u00e8 avec d\u2019autres parlements pour des \u00e9changes d\u2019exp\u00e9riences. Nous devons fournir \u00e0 l\u2019institution parlementaire de l\u2019expertise sur le travail juridique et technique\u00bb, a assur\u00e9 le chef de la d\u00e9l\u00e9gation de l\u2019Union europ\u00e9enne.<\/p>\n<p>Service presse AN<\/p>\n<div class=\"td-a-rec td-a-rec-id-content_bottom tdi_33_37d td_block_template_1\">\n<p><img loading=\"lazy\" decoding=\"async\" class=\"aligncenter size-full wp-image-27454\" src=\"https:\/\/www.sidwaya.info\/wp-content\/uploads\/2020\/10\/PUB-Bandeau-paiement-mobile-siteweb.jpg\" alt=\"\" width=\"728\" height=\"90\"\/><\/div>\n<\/div>\n<footer>\n<div class=\"td-post-sharing-bottom\">\n<p><iframe frameborder=\"0\" src=\"https:\/\/www.facebook.com\/plugins\/like.php?href=https:\/\/www.sidwaya.info\/blog\/2021\/03\/18\/assemblee-nationaleune-delegation-de-lunion-europeenne-chez-le-chef-du-parlement\/&amp;layout=button_count&amp;show_faces=false&amp;width=105&amp;action=like&amp;colorscheme=light&amp;height=21\" class=\"c1\">[embedded content]<\/iframe><\/p>\n<\/div>\n<div class=\"td-block-row td-post-next-prev\">\n<div class=\"td-block-span6 td-post-prev-post td-post-next-prev-content\"><span>Article pr\u00e9c\u00e9dent<\/span><a href=\"https:\/\/www.sidwaya.info\/blog\/2021\/03\/18\/projet-national-de-developpement-rural-productif\/\">Projet national de d\u00e9veloppement rural productif<\/a><\/div>\n<div class=\"td-block-span6 td-post-next-post td-post-next-prev-content\"><span>Article suivant<\/span><a href=\"https:\/\/www.sidwaya.info\/blog\/2021\/03\/18\/renouveau-social-une-association-en-fait-son-credo\/\">Renouveau social: une association en fait son cr\u00e9do<\/a><\/div>\n<\/div>\n<p><meta itemprop=\"name\" content=\"JK. Sidwaya\"\/><br \/>\n<meta itemprop=\"datePublished\" content=\"2021-03-18T21:27:10+00:00\"\/><br \/>\n<meta itemprop=\"dateModified\" content=\"2021-03-18T21:27:10+00:00\"\/><br \/>\n<meta itemscope=\"itemscope\" itemprop=\"mainEntityOfPage\" itemtype=\"https:\/\/schema.org\/WebPage\" itemid=\"https:\/\/www.sidwaya.info\/blog\/2021\/03\/18\/assemblee-nationaleune-delegation-de-lunion-europeenne-chez-le-chef-du-parlement\/\"\/><br \/>\n<meta itemprop=\"url\" content=\"https:\/\/www.sidwaya.info\/wp-content\/uploads\/2019\/08\/sidwaya-bon-544-1.jpg\"\/><br \/>\n<meta itemprop=\"name\" content=\"Quotidien Sidwaya\"\/><br \/>\n<meta itemprop=\"headline\" content=\"Assembl\u00e9e nationale:une d\u00e9l\u00e9gation de l\u2019Union europ\u00e9enne chez le chef du parlement\"\/><br \/>\n<meta itemprop=\"url\" content=\"https:\/\/www.sidwaya.info\/wp-content\/uploads\/2021\/03\/presidan19.jpg\"\/><br \/>\n<meta itemprop=\"width\" content=\"787\"\/><br \/>\n<meta itemprop=\"height\" content=\"525\"\/><\/footer>\n<p>Auteur: JK. Sidwaya<br \/>\n<a href=\"https:\/\/www.sidwaya.info\/blog\/2021\/03\/18\/assemblee-nationaleune-delegation-de-lunion-europeenne-chez-le-chef-du-parlement\/\">Cliquez ici pour lire l&rsquo;article depuis sa source.<\/a><\/p>\n","protected":false},"excerpt":{"rendered":"<p>Une d\u00e9l\u00e9gation de l\u2019Union europ\u00e9enne avec \u00e0 sa t\u00eate Wolfram Wetter, chef de la d\u00e9l\u00e9gation de l\u2019UE au Burkina Faso a \u00e9t\u00e9 re\u00e7ue, le mercredi 17 mars 2021, par le Pr\u00e9sident de l\u2019Assembl\u00e9e nationale Alassane Bala Sakand\u00e9.Plusieurs sujets au centre des \u00e9changes entre le Pr\u00e9sident Sakand\u00e9 et ses h\u00f4tes. Wolfram Wetter dit, d\u2019abord, \u00eatre venu [&hellip;]<\/p>\n","protected":false},"author":1816,"featured_media":0,"comment_status":"closed","ping_status":"closed","sticky":false,"template":"","format":"standard","meta":{"fifu_image_url":"https:\/\/www.sidwaya.info\/wp-content\/uploads\/2021\/03\/presidan19-696x464.jpg","fifu_image_alt":"Assembl\u00e9e nationale:une d\u00e9l\u00e9gation de l\u2019Union europ\u00e9enne  chez le chef du parlement","footnotes":""},"categories":[73,81],"tags":[],"class_list":["post-113331","post","type-post","status-publish","format-standard","hentry","category-actualite","category-burkina-faso"],"_links":{"self":[{"href":"https:\/\/linitiative.ca\/International\/wp-json\/wp\/v2\/posts\/113331","targetHints":{"allow":["GET"]}}],"collection":[{"href":"https:\/\/linitiative.ca\/International\/wp-json\/wp\/v2\/posts"}],"about":[{"href":"https:\/\/linitiative.ca\/International\/wp-json\/wp\/v2\/types\/post"}],"author":[{"embeddable":true,"href":"https:\/\/linitiative.ca\/International\/wp-json\/wp\/v2\/users\/1816"}],"replies":[{"embeddable":true,"href":"https:\/\/linitiative.ca\/International\/wp-json\/wp\/v2\/comments?post=113331"}],"version-history":[{"count":0,"href":"https:\/\/linitiative.ca\/International\/wp-json\/wp\/v2\/posts\/113331\/revisions"}],"wp:attachment":[{"href":"https:\/\/linitiative.ca\/International\/wp-json\/wp\/v2\/media?parent=113331"}],"wp:term":[{"taxonomy":"category","embeddable":true,"href":"https:\/\/linitiative.ca\/International\/wp-json\/wp\/v2\/categories?post=113331"},{"taxonomy":"post_tag","embeddable":true,"href":"https:\/\/linitiative.ca\/International\/wp-json\/wp\/v2\/tags?post=113331"}],"curies":[{"name":"wp","href":"https:\/\/api.w.org\/{rel}","templated":true}]}}