{"id":113332,"date":"2021-03-18T17:30:43","date_gmt":"2021-03-18T21:30:43","guid":{"rendered":"https:\/\/linitiative.ca\/International\/renouveau-social-une-association-en-fait-son-credo\/"},"modified":"2021-03-18T17:30:43","modified_gmt":"2021-03-18T21:30:43","slug":"renouveau-social-une-association-en-fait-son-credo","status":"publish","type":"post","link":"https:\/\/linitiative.ca\/International\/renouveau-social-une-association-en-fait-son-credo\/","title":{"rendered":"Renouveau social: une association en fait son cr\u00e9do"},"content":{"rendered":"<div class=\"td-post-featured-image\"><a href=\"https:\/\/www.sidwaya.info\/wp-content\/uploads\/2021\/03\/elessid19.jpg\" data-caption=\"\"><img loading=\"lazy\" decoding=\"async\" width=\"696\" height=\"388\" class=\"entry-thumb td-modal-image\" src=\"https:\/\/www.sidwaya.info\/wp-content\/uploads\/2021\/03\/elessid19-696x388.jpg\" srcset=\"https:\/\/www.sidwaya.info\/wp-content\/uploads\/2021\/03\/elessid19-696x388.jpg 696w, https:\/\/www.sidwaya.info\/wp-content\/uploads\/2021\/03\/elessid19-300x167.jpg 300w, https:\/\/www.sidwaya.info\/wp-content\/uploads\/2021\/03\/elessid19-768x428.jpg 768w, https:\/\/www.sidwaya.info\/wp-content\/uploads\/2021\/03\/elessid19-150x84.jpg 150w, https:\/\/www.sidwaya.info\/wp-content\/uploads\/2021\/03\/elessid19-753x420.jpg 753w, https:\/\/www.sidwaya.info\/wp-content\/uploads\/2021\/03\/elessid19.jpg 787w\" sizes=\"auto, (max-width: 696px) 100vw, 696px\" alt=\"\" title=\"elessid19\"\/><\/a><\/div>\n<p><strong>L\u2019Association pour le renouveau social (ARESO) a anim\u00e9, le jeudi 11 mars 2021 \u00e0 Ouagadougou, une conf\u00e9rence de presse, pour officiellement lancer ses activit\u00e9s.<\/strong><\/p>\n<p>\u00abChaque g\u00e9n\u00e9ration doit, dans une relative opacit\u00e9 trouver sa mission, la remplir ou la trahir \u00bb, disait Frantz Fanon. En vue de diagnostiquer les maux qui minent la soci\u00e9t\u00e9 actuelle et trouver les voies et moyens de les combattre et de les \u00e9radiquer afin de rendre meilleur le monde de demain, un groupe de jeunes a cr\u00e9\u00e9 l\u2019Association pour le renouveau social (ARESO). Le lancement officiel des activit\u00e9s de la structure associative est intervenu, le jeudi 11 mars 2021, \u00e0 travers une conf\u00e9rence de presse \u00e0 Ouagadougou. Selon le pr\u00e9sident de l\u2019ARESO, Sosth\u00e8ne Tapsoba, l\u2019id\u00e9e de la cr\u00e9ation de l\u2019association provient de plusieurs constats. Il a cit\u00e9 la d\u00e9pravation des m\u0153urs, la d\u00e9connexion et le d\u00e9racinement culturel des jeunes burkinab\u00e8 et africains et, la perte des valeurs endog\u00e8nes comme l\u2019int\u00e9grit\u00e9, la moralit\u00e9, la sobri\u00e9t\u00e9, le civisme, le respect de l\u2019a\u00een\u00e9, le sens du bien commun et de l\u2019int\u00e9r\u00eat g\u00e9n\u00e9ral, la solidarit\u00e9, l\u2019esprit de sacrifice, la tol\u00e9rance, etc. A cela, M. Tapsoba a ajout\u00e9 l\u2019ignorance en milieu juv\u00e9nile des enjeux environnementaux et du d\u00e9veloppement durable, la rel\u00e9gation de la religion dans la sph\u00e8re priv\u00e9e, le non engagement des jeunes dans le dialogue interreligieux et leur faible implication dans le dialogue social. Pour corriger ces tares, l\u2019ARESO, selon ses premiers responsables, s\u2019est engag\u00e9e \u00e0 agir sur trois principaux axes. Dans le domaine de l\u2019\u00e9ducation, il s\u2019agira, a-t-il dit, de r\u00e9aliser par la sensibilisation et des actions concr\u00e8tes, une \u00ab metanoia ou conversion totale \u00bb sur le plan \u00e9thique et moral chez les jeunes. Concernant les questions environnementales, l\u2019association compte amener les jeunes \u00e0 \u00eatre \u00e9co-citoyens et adeptes du d\u00e9veloppement durable \u00e0 travers la sensibilisation et des activit\u00e9s sur le terrain. Au titre de la coh\u00e9sion sociale, elle pr\u00e9voit, d\u2019une part, d\u2019activer le dialogue social chez les jeunes pour les amener \u00e0 taire les divergences ethniques, \u00e0 bannir le r\u00e9gionalisme et \u00e0 agir comme les fils d\u2019une m\u00eame et seule nation, et, de l\u2019autre, de les impliquer dans le dialogue interreligieux en vue de la fraternit\u00e9, la concorde et la paix sociale. \u00ab Notre jeunesse souffre d\u2019ignorance, notre jeunesse s\u2019\u00e9gare et s\u2019autod\u00e9truit. Notre environnement souffre du changement climatique et son cort\u00e8ge de maux. Notre tissu social se fragilise. Il faut agir maintenant \u00bb, a lanc\u00e9 Sosth\u00e8ne Tapsoba. Il a, par ailleurs, invit\u00e9 les jeunes \u00e0 adh\u00e9rer massivement \u00e0 l\u2019ARESO et les personnes morale et physique, \u00e0 la soutenir pour le renouveau social.<\/p>\n<p>Jean-Marie TOE<\/p>\n<div class=\"td-a-rec td-a-rec-id-content_bottom tdi_33_9c6 td_block_template_1\">\n<p><img loading=\"lazy\" decoding=\"async\" class=\"aligncenter size-full wp-image-27454\" src=\"https:\/\/www.sidwaya.info\/wp-content\/uploads\/2020\/10\/PUB-Bandeau-paiement-mobile-siteweb.jpg\" alt=\"\" width=\"728\" height=\"90\"\/><\/div>\n<p>Auteur: JK. Sidwaya<br \/>\n<a href=\"https:\/\/www.sidwaya.info\/blog\/2021\/03\/18\/renouveau-social-une-association-en-fait-son-credo\/\">Cliquez ici pour lire l&rsquo;article depuis sa source.<\/a><\/p>\n","protected":false},"excerpt":{"rendered":"<p>L\u2019Association pour le renouveau social (ARESO) a anim\u00e9, le jeudi 11 mars 2021 \u00e0 Ouagadougou, une conf\u00e9rence de presse, pour officiellement lancer ses activit\u00e9s. \u00abChaque g\u00e9n\u00e9ration doit, dans une relative opacit\u00e9 trouver sa mission, la remplir ou la trahir \u00bb, disait Frantz Fanon. En vue de diagnostiquer les maux qui minent la soci\u00e9t\u00e9 actuelle et [&hellip;]<\/p>\n","protected":false},"author":1816,"featured_media":0,"comment_status":"closed","ping_status":"closed","sticky":false,"template":"","format":"standard","meta":{"fifu_image_url":"https:\/\/www.sidwaya.info\/wp-content\/uploads\/2021\/03\/elessid19-696x388.jpg","fifu_image_alt":"Renouveau social: une association en fait son cr\u00e9do","footnotes":""},"categories":[73,81],"tags":[],"class_list":["post-113332","post","type-post","status-publish","format-standard","hentry","category-actualite","category-burkina-faso"],"_links":{"self":[{"href":"https:\/\/linitiative.ca\/International\/wp-json\/wp\/v2\/posts\/113332","targetHints":{"allow":["GET"]}}],"collection":[{"href":"https:\/\/linitiative.ca\/International\/wp-json\/wp\/v2\/posts"}],"about":[{"href":"https:\/\/linitiative.ca\/International\/wp-json\/wp\/v2\/types\/post"}],"author":[{"embeddable":true,"href":"https:\/\/linitiative.ca\/International\/wp-json\/wp\/v2\/users\/1816"}],"replies":[{"embeddable":true,"href":"https:\/\/linitiative.ca\/International\/wp-json\/wp\/v2\/comments?post=113332"}],"version-history":[{"count":0,"href":"https:\/\/linitiative.ca\/International\/wp-json\/wp\/v2\/posts\/113332\/revisions"}],"wp:attachment":[{"href":"https:\/\/linitiative.ca\/International\/wp-json\/wp\/v2\/media?parent=113332"}],"wp:term":[{"taxonomy":"category","embeddable":true,"href":"https:\/\/linitiative.ca\/International\/wp-json\/wp\/v2\/categories?post=113332"},{"taxonomy":"post_tag","embeddable":true,"href":"https:\/\/linitiative.ca\/International\/wp-json\/wp\/v2\/tags?post=113332"}],"curies":[{"name":"wp","href":"https:\/\/api.w.org\/{rel}","templated":true}]}}