{"id":113333,"date":"2021-03-18T17:35:21","date_gmt":"2021-03-18T21:35:21","guid":{"rendered":"https:\/\/linitiative.ca\/International\/reformes-des-examens-scolaires-le-second-tour-du-bepc-et-du-bac-maintenu\/"},"modified":"2021-03-18T17:35:21","modified_gmt":"2021-03-18T21:35:21","slug":"reformes-des-examens-scolaires-le-second-tour-du-bepc-et-du-bac-maintenu","status":"publish","type":"post","link":"https:\/\/linitiative.ca\/International\/reformes-des-examens-scolaires-le-second-tour-du-bepc-et-du-bac-maintenu\/","title":{"rendered":"R\u00e9formes des examens scolaires: le second tour du BEPC et du BAC maintenu"},"content":{"rendered":"<div class=\"td-post-featured-image\"><a href=\"https:\/\/www.sidwaya.info\/wp-content\/uploads\/2021\/03\/minouaro.jpg\" data-caption=\"\"><img loading=\"lazy\" decoding=\"async\" width=\"696\" height=\"1044\" class=\"entry-thumb td-modal-image\" src=\"https:\/\/www.sidwaya.info\/wp-content\/uploads\/2021\/03\/minouaro-696x1044.jpg\" srcset=\"https:\/\/www.sidwaya.info\/wp-content\/uploads\/2021\/03\/minouaro-696x1044.jpg 696w, https:\/\/www.sidwaya.info\/wp-content\/uploads\/2021\/03\/minouaro-200x300.jpg 200w, https:\/\/www.sidwaya.info\/wp-content\/uploads\/2021\/03\/minouaro-682x1024.jpg 682w, https:\/\/www.sidwaya.info\/wp-content\/uploads\/2021\/03\/minouaro-768x1152.jpg 768w, https:\/\/www.sidwaya.info\/wp-content\/uploads\/2021\/03\/minouaro-150x225.jpg 150w, https:\/\/www.sidwaya.info\/wp-content\/uploads\/2021\/03\/minouaro-300x450.jpg 300w, https:\/\/www.sidwaya.info\/wp-content\/uploads\/2021\/03\/minouaro-280x420.jpg 280w, https:\/\/www.sidwaya.info\/wp-content\/uploads\/2021\/03\/minouaro.jpg 787w\" sizes=\"auto, (max-width: 696px) 100vw, 696px\" alt=\"\" title=\"minouaro\"\/><\/a><\/div>\n<p><strong>Le ministre de l\u2019Education nationale, de l\u2019Alphab\u00e9tisation et de la Promotion des Langues nationales, Pr Stanislas Ouaro et le ministre de l\u2019Enseignement sup\u00e9rieur, de la Recherche scientifique et de l\u2019Innovation, Pr Alkasoum Ma\u00efga ont anim\u00e9 un point de presse, le jeudi 18 mars 2021 \u00e0 Ouagadougou sur les r\u00e9formes en cours dans le syst\u00e8me \u00e9ducatif.<\/strong><\/p>\n<p>Le gouvernement veut lever les incompr\u00e9hensions autour des r\u00e9formes en cours dans le syst\u00e8me \u00e9ducatif et qui suscitent des mouvements d\u2019humeurs au sein des \u00e9tablissements scolaires. Le minist\u00e8re de l\u2019Education nationale, de l\u2019Alphab\u00e9tisation et de la Promotion des Langues nationales (MENAPLN), Pr Stanislas Ouaro et le ministre de l\u2019Enseignement sup\u00e9rieur, de la Recherche scientifique et de l\u2019Innovation, Pr Alkasoum Ma\u00efga ont co-anim\u00e9, un point de presse le jeudi 18 mars 2021, \u00e0 Ouagadougou, sur les r\u00e9formes dans leur d\u00e9partement et particuli\u00e8rement sur l\u2019organisation du BEPC et du Baccalaur\u00e9at, sujets actuels de pol\u00e9miques. Le ministre en charge de l\u2019\u00e9ducation nationale a indiqu\u00e9 \u00e0 ce propos, que trois innovations majeures figurent dans le projet de d\u00e9cret portant organisation de l\u2019examen du Brevet d\u2019\u00e9tudes du premier cycle (BEPC). Il s\u2019agit, a-t-il cit\u00e9, de l\u2019organisation de l\u2019examen du BEPC par les directions provinciales en lieu et place des directions g\u00e9n\u00e9rales, d\u2019une institution d\u2019une commission d\u2019Education physique et sportive (EPS) en lieu et place de jurys pour l\u2019administration des \u00e9preuves d\u2019EPS et la suppression des deux sujets au choix pour un sujet unique en histoire-g\u00e9ographie et en Sciences de la vie et de la terre (SVT). Concernant le deuxi\u00e8me point d\u2019achoppement, la \u00ab d\u00e9valorisation \u00bb du Baccalaur\u00e9at, les deux ministres rassurent. Pour eux, la r\u00e9forme en cours s\u2019inscrit dans une d\u00e9marche administrative qui n\u2019aura pas d\u2019impact n\u00e9gatif sur la qualit\u00e9 du dipl\u00f4me. De l\u2019avis du ministre Ouaro, cette r\u00e9forme \u00e9mane des \u00e9tats g\u00e9n\u00e9raux de l\u2019\u00e9ducation tenus en novembre 1994 \u00e0 Ouagadougou qui recommandent la cr\u00e9ation d\u2019une structure unique d\u2019organisation des examens et concours du minist\u00e8re des Enseignements secondaires et de la Recherche scientifique de l\u2019\u00e9poque. Plus de deux d\u00e9cennies, a-t-il poursuivi, le Pr\u00e9sident du Faso, Roch Marc Christian Kabor\u00e9 a, dans son programme de soci\u00e9t\u00e9, d\u00e9cid\u00e9 de l\u2019arrimage du BAC comme dipl\u00f4me terminal du secondaire au minist\u00e8re en charge de l\u2019\u00e9ducation.<\/p>\n<p>\u00ab Les modalit\u00e9s d\u2019acc\u00e8s \u00e0 l\u2019Universit\u00e9 ne conna\u00eetront pas de changement \u00bb<\/p>\n<p>Cette option vise \u00e0 s\u2019inscrire dans un sch\u00e9ma d\u2019uniformisation de notre syst\u00e8me \u00e9ducatif aux normes des pays de l\u2019UEMOA. Dans ce sens le Mali, le B\u00e9nin et la C\u00f4te d\u2019Ivoire pr\u00e9sentent d\u00e9j\u00e0 un mod\u00e8le d\u2019organisation du BAC assur\u00e9 par le minist\u00e8re en charge de l\u2019enseignement secondaire, a relev\u00e9 le ministre Ouaro. Toutefois, il a pr\u00e9cis\u00e9 que la session de 2021, le BAC sera organis\u00e9 par le minist\u00e8re en charge de l\u2019enseignement sup\u00e9rieur. \u00ab Des rencontres d\u2019\u00e9changes et de r\u00e9flexion seront organis\u00e9es en vue de r\u00e9ussir l\u2019organisation de l\u2019examen par le MENAPLN pour la session de 2022 \u00bb, a-t-il ajout\u00e9. Au sujet de la pr\u00e9occupation des journalistes sur les rumeurs de suppression du second tour au niveau du BEPC et du BAC, le ministre Ma\u00efga a \u00e9t\u00e9 formel. \u00ab Il n\u2019est pas question de supprimer les seconds tours pour les deux examens \u00bb, a-t-il d\u00e9clar\u00e9. Nous sommes en train de nous conformer aux crit\u00e8res de l\u2019UEMOA et la suppression du second tour au BEPC et BAC n\u2019y figure pas, a-t-il justifi\u00e9. Quant aux inqui\u00e9tudes li\u00e9es au fait que les bacheliers issus de l\u2019organisation de l\u2019examen par le MENAPLN n\u2019auront pas tous acc\u00e8s aux universit\u00e9s publiques, le ministre Alkasoum Ma\u00efga se veut rassurant. \u00ab Les modalit\u00e9s d\u2019acc\u00e8s \u00e0 l\u2019Universit\u00e9 ne conna\u00eetront pas de changement. Les bacheliers pourront continuer \u00e0 s\u2019inscrire sur la plateforme CAMPUS FASO pour les diff\u00e9rentes orientations sans qu\u2019un concours ne soit organis\u00e9 \u00e0 leur endroit \u00bb, a-t-il confi\u00e9.<\/p>\n<p>Abdoulaye BALBONE<\/p>\n<div class=\"td-a-rec td-a-rec-id-content_bottom tdi_33_57c td_block_template_1\">\n<p><img loading=\"lazy\" decoding=\"async\" class=\"aligncenter size-full wp-image-27454\" src=\"https:\/\/www.sidwaya.info\/wp-content\/uploads\/2020\/10\/PUB-Bandeau-paiement-mobile-siteweb.jpg\" alt=\"\" width=\"728\" height=\"90\"\/><\/div>\n<p>Auteur: JK. Sidwaya<br \/>\n<a href=\"https:\/\/www.sidwaya.info\/blog\/2021\/03\/18\/reformes-des-examens-scolaires-le-second-tour-du-bepc-et-du-bac-maintenu\/\">Cliquez ici pour lire l&rsquo;article depuis sa source.<\/a><\/p>\n","protected":false},"excerpt":{"rendered":"<p>Le ministre de l\u2019Education nationale, de l\u2019Alphab\u00e9tisation et de la Promotion des Langues nationales, Pr Stanislas Ouaro et le ministre de l\u2019Enseignement sup\u00e9rieur, de la Recherche scientifique et de l\u2019Innovation, Pr Alkasoum Ma\u00efga ont anim\u00e9 un point de presse, le jeudi 18 mars 2021 \u00e0 Ouagadougou sur les r\u00e9formes en cours dans le syst\u00e8me \u00e9ducatif. [&hellip;]<\/p>\n","protected":false},"author":1816,"featured_media":0,"comment_status":"closed","ping_status":"closed","sticky":false,"template":"","format":"standard","meta":{"fifu_image_url":"https:\/\/www.sidwaya.info\/wp-content\/uploads\/2021\/03\/minouaro-696x1044.jpg","fifu_image_alt":"R\u00e9formes des examens scolaires: le second tour du BEPC et du BAC maintenu","footnotes":""},"categories":[73,81],"tags":[],"class_list":["post-113333","post","type-post","status-publish","format-standard","hentry","category-actualite","category-burkina-faso"],"_links":{"self":[{"href":"https:\/\/linitiative.ca\/International\/wp-json\/wp\/v2\/posts\/113333","targetHints":{"allow":["GET"]}}],"collection":[{"href":"https:\/\/linitiative.ca\/International\/wp-json\/wp\/v2\/posts"}],"about":[{"href":"https:\/\/linitiative.ca\/International\/wp-json\/wp\/v2\/types\/post"}],"author":[{"embeddable":true,"href":"https:\/\/linitiative.ca\/International\/wp-json\/wp\/v2\/users\/1816"}],"replies":[{"embeddable":true,"href":"https:\/\/linitiative.ca\/International\/wp-json\/wp\/v2\/comments?post=113333"}],"version-history":[{"count":0,"href":"https:\/\/linitiative.ca\/International\/wp-json\/wp\/v2\/posts\/113333\/revisions"}],"wp:attachment":[{"href":"https:\/\/linitiative.ca\/International\/wp-json\/wp\/v2\/media?parent=113333"}],"wp:term":[{"taxonomy":"category","embeddable":true,"href":"https:\/\/linitiative.ca\/International\/wp-json\/wp\/v2\/categories?post=113333"},{"taxonomy":"post_tag","embeddable":true,"href":"https:\/\/linitiative.ca\/International\/wp-json\/wp\/v2\/tags?post=113333"}],"curies":[{"name":"wp","href":"https:\/\/api.w.org\/{rel}","templated":true}]}}