{"id":113334,"date":"2021-03-18T17:41:52","date_gmt":"2021-03-18T21:41:52","guid":{"rendered":"https:\/\/linitiative.ca\/International\/reconciliation-nationale-zephirin-diabre-sollicite-laccompagnement-du-parlement\/"},"modified":"2021-03-18T17:41:52","modified_gmt":"2021-03-18T21:41:52","slug":"reconciliation-nationale-zephirin-diabre-sollicite-laccompagnement-du-parlement","status":"publish","type":"post","link":"https:\/\/linitiative.ca\/International\/reconciliation-nationale-zephirin-diabre-sollicite-laccompagnement-du-parlement\/","title":{"rendered":"R\u00e9conciliation nationale: Z\u00e9phirin Diabr\u00e9 sollicite l\u2019accompagnement du Parlement"},"content":{"rendered":"<div class=\"td-post-featured-image\"><a href=\"https:\/\/www.sidwaya.info\/wp-content\/uploads\/2021\/03\/zephan19.jpg\" data-caption=\"\"><img loading=\"lazy\" decoding=\"async\" width=\"696\" height=\"464\" class=\"entry-thumb td-modal-image\" src=\"https:\/\/www.sidwaya.info\/wp-content\/uploads\/2021\/03\/zephan19-696x464.jpg\" srcset=\"https:\/\/www.sidwaya.info\/wp-content\/uploads\/2021\/03\/zephan19-696x464.jpg 696w, https:\/\/www.sidwaya.info\/wp-content\/uploads\/2021\/03\/zephan19-300x200.jpg 300w, https:\/\/www.sidwaya.info\/wp-content\/uploads\/2021\/03\/zephan19-768x512.jpg 768w, https:\/\/www.sidwaya.info\/wp-content\/uploads\/2021\/03\/zephan19-150x100.jpg 150w, https:\/\/www.sidwaya.info\/wp-content\/uploads\/2021\/03\/zephan19-630x420.jpg 630w, https:\/\/www.sidwaya.info\/wp-content\/uploads\/2021\/03\/zephan19.jpg 787w\" sizes=\"auto, (max-width: 696px) 100vw, 696px\" alt=\"\" title=\"zephan19\"\/><\/a><\/div>\n<p><strong>Le Pr\u00e9sident de l\u2019Assembl\u00e9e nationale (PAN), Alassane Bala Sakand\u00e9, a re\u00e7u en audience le ministre d\u2019Etat, ministre aupr\u00e8s du pr\u00e9sident du Faso charg\u00e9 de la R\u00e9conciliation nationale et de la Coh\u00e9sion sociale, Z\u00e9phirin Diabr\u00e9, le jeudi 18 mars 2021 \u00e0 Ouagadougou.<\/strong><\/p>\n<p>Pour r\u00e9ussir la mission qui lui a \u00e9t\u00e9 confi\u00e9e par le Pr\u00e9sident du Faso, Roch Marc Christian Kabor\u00e9 en tant que ministre d\u2019Etat charg\u00e9 de la R\u00e9conciliation nationale et de la Coh\u00e9sion sociale, Z\u00e9phirin Diabr\u00e9, a besoin du soutien de l\u2019Assembl\u00e9e nationale (AN). A cet effet, il a rendu une visite de courtoisie au pr\u00e9sident de l\u2019Assembl\u00e9e nationale dans la matin\u00e9e du jeudi 18 mars 2021, \u00e0 Ouagadougou. \u00ab Il m\u2019a paru opportun de venir \u00e9changer avec le pr\u00e9sident du parlement sur la mani\u00e8re de conduire notre r\u00e9conciliation nationale et nous rassurer que les th\u00e9matiques que nous avons en vue et nos diff\u00e9rentes approches nous permettront d\u2019atteindre nos objectifs \u00bb, a-t-il confi\u00e9, \u00e0 sa sortie d\u2019audience. Mais en quoi l\u2019AN peut-il accompagner le processus de r\u00e9conciliation nationale ? R\u00e9pondant \u00e0 cette question, Z\u00e9phirin Diabr\u00e9 a fait savoir que l\u2019Assembl\u00e9e nationale est une institution qui a toujours un r\u00f4le \u00e0 jouer sur le plan r\u00e8glementaire dans toutes les questions y compris celles qui ne sont pas de sa comp\u00e9tence.<br \/>\u00ab L\u2019AN est le lieu o\u00f9 si\u00e8gent les repr\u00e9sentants de la nation. Il n\u2019est donc pas exclu que d\u2019ici l\u00e0, nous venions ici pour r\u00e9pondre \u00e0 des questions orales. Il se peut aussi que dans les solutions qui seront propos\u00e9es pour des questions donn\u00e9es, il y ait des implications sur le plan l\u00e9gislatif ou des textes \u00e0 changer pour nous permettre d\u2019aller de l\u2019avant \u00bb, a-t-il indiqu\u00e9. Z\u00e9phirin Diabr\u00e9 a dit sortir rassur\u00e9 de son entrevue avec Alassane Bala Sakand\u00e9 qui a promis que son institution ne m\u00e9nagera aucun effort pour accompagner son d\u00e9partement. \u00ab Il m\u2019a dit que je suis avant tout un d\u00e9put\u00e9 en permission donc \u00e0 tout moment je peux revenir \u00e0 l\u2019AN car c\u2019est ma maison \u00bb, s\u2019est-il r\u00e9joui.<\/p>\n<p>Nad\u00e8ge YAMEOGO<\/p>\n<div class=\"td-a-rec td-a-rec-id-content_bottom tdi_33_315 td_block_template_1\">\n<p><img loading=\"lazy\" decoding=\"async\" class=\"aligncenter size-full wp-image-27454\" src=\"https:\/\/www.sidwaya.info\/wp-content\/uploads\/2020\/10\/PUB-Bandeau-paiement-mobile-siteweb.jpg\" alt=\"\" width=\"728\" height=\"90\"\/><\/div>\n<p>Auteur: JK. Sidwaya<br \/>\n<a href=\"https:\/\/www.sidwaya.info\/blog\/2021\/03\/18\/reconciliation-nationale-zephirin-diabre-sollicite-laccompagnement-du-parlement\/\">Cliquez ici pour lire l&rsquo;article depuis sa source.<\/a><\/p>\n","protected":false},"excerpt":{"rendered":"<p>Le Pr\u00e9sident de l\u2019Assembl\u00e9e nationale (PAN), Alassane Bala Sakand\u00e9, a re\u00e7u en audience le ministre d\u2019Etat, ministre aupr\u00e8s du pr\u00e9sident du Faso charg\u00e9 de la R\u00e9conciliation nationale et de la Coh\u00e9sion sociale, Z\u00e9phirin Diabr\u00e9, le jeudi 18 mars 2021 \u00e0 Ouagadougou. Pour r\u00e9ussir la mission qui lui a \u00e9t\u00e9 confi\u00e9e par le Pr\u00e9sident du Faso, [&hellip;]<\/p>\n","protected":false},"author":1816,"featured_media":0,"comment_status":"closed","ping_status":"closed","sticky":false,"template":"","format":"standard","meta":{"fifu_image_url":"https:\/\/www.sidwaya.info\/wp-content\/uploads\/2021\/03\/zephan19-696x464.jpg","fifu_image_alt":"R\u00e9conciliation nationale: Z\u00e9phirin Diabr\u00e9 sollicite l\u2019accompagnement du Parlement","footnotes":""},"categories":[73,81],"tags":[],"class_list":["post-113334","post","type-post","status-publish","format-standard","hentry","category-actualite","category-burkina-faso"],"_links":{"self":[{"href":"https:\/\/linitiative.ca\/International\/wp-json\/wp\/v2\/posts\/113334","targetHints":{"allow":["GET"]}}],"collection":[{"href":"https:\/\/linitiative.ca\/International\/wp-json\/wp\/v2\/posts"}],"about":[{"href":"https:\/\/linitiative.ca\/International\/wp-json\/wp\/v2\/types\/post"}],"author":[{"embeddable":true,"href":"https:\/\/linitiative.ca\/International\/wp-json\/wp\/v2\/users\/1816"}],"replies":[{"embeddable":true,"href":"https:\/\/linitiative.ca\/International\/wp-json\/wp\/v2\/comments?post=113334"}],"version-history":[{"count":0,"href":"https:\/\/linitiative.ca\/International\/wp-json\/wp\/v2\/posts\/113334\/revisions"}],"wp:attachment":[{"href":"https:\/\/linitiative.ca\/International\/wp-json\/wp\/v2\/media?parent=113334"}],"wp:term":[{"taxonomy":"category","embeddable":true,"href":"https:\/\/linitiative.ca\/International\/wp-json\/wp\/v2\/categories?post=113334"},{"taxonomy":"post_tag","embeddable":true,"href":"https:\/\/linitiative.ca\/International\/wp-json\/wp\/v2\/tags?post=113334"}],"curies":[{"name":"wp","href":"https:\/\/api.w.org\/{rel}","templated":true}]}}