{"id":113340,"date":"2021-03-18T05:56:11","date_gmt":"2021-03-18T09:56:11","guid":{"rendered":"https:\/\/linitiative.ca\/International\/cameroun-inquietude-sur-les-projets-finances-avec-laide-de-la-france-dans-le-cadre-du-c2d\/"},"modified":"2021-03-18T05:56:11","modified_gmt":"2021-03-18T09:56:11","slug":"cameroun-inquietude-sur-les-projets-finances-avec-laide-de-la-france-dans-le-cadre-du-c2d","status":"publish","type":"post","link":"https:\/\/linitiative.ca\/International\/cameroun-inquietude-sur-les-projets-finances-avec-laide-de-la-france-dans-le-cadre-du-c2d\/","title":{"rendered":"Cameroun : inqui\u00e9tude sur les projets financ\u00e9s avec l\u2019aide de la France dans le cadre du C2D"},"content":{"rendered":"<div readability=\"32\">\n<p>Publi\u00e9 le 18.03.2021 \u00e0 10h56 par Journal du Cameroun<\/p>\n<\/div>\n<div readability=\"59\">\n<h2 class=\"texte c9\"><span class=\"c8\">Cette initiative de transformation de la dette du Cameroun en appui financier et technique pour son d\u00e9veloppement pourrait connaitre une difficult\u00e9 de mise en \u0153uvre apr\u00e8s 2021, alerte le ministre des Finances.<\/span><\/h2>\n<p class=\"c10\">Le <strong>Cameroun<\/strong> mobilise des fonds chaque ann\u00e9e en vue du remboursement de sa dette vis \u00e0 vis de la <strong>France<\/strong>. L\u2019\u2019argent collect\u00e9\u00a0 n\u2019est cependant pas rembours\u00e9 au pays d\u2019Emmanuel Macron, mais r\u00e9investit dans des projets socio-\u00e9conomiques du Cameroun, \u00a0dans ce qui est baptis\u00e9 \u00ab\u00a0Projet de d\u00e9sendettement et de d\u00e9veloppement\u00a0\u00bb (C2D). C\u2019est ainsi que r\u00e9cemment par exemple, le\u00a0Cameroun\u00a0a b\u00e9n\u00e9fici\u00e9 d\u2019un\u00a0montant\u00a0de 67,8 milliards de FCFA destin\u00e9 \u00e0 l\u2019appui budg\u00e9taire sectoriel 2020-2022 au titre du troisi\u00e8me <strong>C2D<\/strong>,<\/p>\n<p class=\"c10\">Sauf qu\u2019en 2020, du fait de la crise sanitaire de la Covid-19, le Cameroun n\u2019a effectu\u00e9 aucun remboursement de sa dette vis-\u00e0-vis de la France. En vertu \u00e9galement de la flexibilit\u00e9 du G20 qui, au fort de la crise, a suspendu le remboursement de la dette vis-\u00e0-vis de ses membres pour les aider \u00e0 faire face \u00e0 la pand\u00e9mie. Ainsi, sans remboursement \u00a0le compte bilat\u00e9ral n\u2019a donc enregistr\u00e9 aucun retour de subvention. Ce qui plombe le financement et l\u2019ex\u00e9cution des projets C2D. Et pourrait davantage le plomber au cours de l\u2019ann\u00e9e 2022 selon le ministre des Finances.<\/p>\n<p class=\"c10\">Le 16 mars 2021 au cours de la 14\u00e8 session du comit\u00e9 d\u2019orientation et de suivi du C2D,\u00a0<strong>Louis Paul Motaze<\/strong> a invit\u00e9\u00a0le comit\u00e9 technique bilat\u00e9ral \u00e0 statuer en urgence sur des solutions relatives au d\u00e9ficit de tr\u00e9sorerie auquel pourrait \u00eatre confront\u00e9 l\u2019ex\u00e9cution du C2D d\u00e8s la fin de l\u2019ann\u00e9e 2021. Les solutions \u00e0 proposer devraient, \u00e0 son avis, inclure l\u2019hypoth\u00e8se d\u2019un financement par le Tr\u00e9sor public des op\u00e9rations programm\u00e9es, m\u00eame de fa\u00e7on partielle.<\/p>\n<\/div>\n<p>Auteur: Christian DJIMADEU<br \/>\n<a href=\"https:\/\/www.journalducameroun.com\/cameroun-inquietude-sur-les-projets-finances-avec-laide-de-la-france-dans-le-cadre-du-c2d-cameroun\/\">Cliquez ici pour lire l&rsquo;article depuis sa source.<\/a><\/p>\n","protected":false},"excerpt":{"rendered":"<p>Publi\u00e9 le 18.03.2021 \u00e0 10h56 par Journal du Cameroun Cette initiative de transformation de la dette du Cameroun en appui financier et technique pour son d\u00e9veloppement pourrait connaitre une difficult\u00e9 de mise en \u0153uvre apr\u00e8s 2021, alerte le ministre des Finances. Le Cameroun mobilise des fonds chaque ann\u00e9e en vue du remboursement de sa dette [&hellip;]<\/p>\n","protected":false},"author":1965,"featured_media":0,"comment_status":"closed","ping_status":"closed","sticky":false,"template":"","format":"standard","meta":{"fifu_image_url":"","fifu_image_alt":"","footnotes":""},"categories":[73,82],"tags":[],"class_list":["post-113340","post","type-post","status-publish","format-standard","hentry","category-actualite","category-cameroun"],"_links":{"self":[{"href":"https:\/\/linitiative.ca\/International\/wp-json\/wp\/v2\/posts\/113340","targetHints":{"allow":["GET"]}}],"collection":[{"href":"https:\/\/linitiative.ca\/International\/wp-json\/wp\/v2\/posts"}],"about":[{"href":"https:\/\/linitiative.ca\/International\/wp-json\/wp\/v2\/types\/post"}],"author":[{"embeddable":true,"href":"https:\/\/linitiative.ca\/International\/wp-json\/wp\/v2\/users\/1965"}],"replies":[{"embeddable":true,"href":"https:\/\/linitiative.ca\/International\/wp-json\/wp\/v2\/comments?post=113340"}],"version-history":[{"count":0,"href":"https:\/\/linitiative.ca\/International\/wp-json\/wp\/v2\/posts\/113340\/revisions"}],"wp:attachment":[{"href":"https:\/\/linitiative.ca\/International\/wp-json\/wp\/v2\/media?parent=113340"}],"wp:term":[{"taxonomy":"category","embeddable":true,"href":"https:\/\/linitiative.ca\/International\/wp-json\/wp\/v2\/categories?post=113340"},{"taxonomy":"post_tag","embeddable":true,"href":"https:\/\/linitiative.ca\/International\/wp-json\/wp\/v2\/tags?post=113340"}],"curies":[{"name":"wp","href":"https:\/\/api.w.org\/{rel}","templated":true}]}}