{"id":113341,"date":"2021-03-18T06:17:38","date_gmt":"2021-03-18T10:17:38","guid":{"rendered":"https:\/\/linitiative.ca\/International\/cameroun-le-ministre-joseph-le-enferme-paul-biya-a-la-prison-de-kondengui\/"},"modified":"2021-03-18T06:17:38","modified_gmt":"2021-03-18T10:17:38","slug":"cameroun-le-ministre-joseph-le-enferme-paul-biya-a-la-prison-de-kondengui","status":"publish","type":"post","link":"https:\/\/linitiative.ca\/International\/cameroun-le-ministre-joseph-le-enferme-paul-biya-a-la-prison-de-kondengui\/","title":{"rendered":"Cameroun : le ministre Joseph L\u00e9 enferme Paul Biya \u00e0 la prison de Kondengui"},"content":{"rendered":"<div readability=\"32\">\n<p>Publi\u00e9 le 18.03.2021 \u00e0 11h17 par Christian Djimadeu<\/p>\n<\/div>\n<div readability=\"47\">\n<h5 class=\"c8\">Coupable d\u2019avoir vol\u00e9 deux portes au minist\u00e8re de Fonction publique et de la r\u00e9forme administrative (Minfopra) le 17 janvier, un homonyme du chef de l\u2019Etat camerounais \u00e9cope de 8 mois d\u2019emprisonnement ferme.<\/h5>\n<p class=\"c9\">Paul Biya,\u00a0vigile au d\u00e9partement minist\u00e9riel que dirige Joseph L\u00e9, est en prison, r\u00e9v\u00e8le dans son \u00e9dition du 16 mars, l\u2019hebdomadaire Kalara, sp\u00e9cialis\u00e9 dans l\u2019actualit\u00e9 du monde juridico-judiciaire.<\/p>\n<p class=\"c9\">L\u2019homonyme du chef de l\u2019Etat purge une peine de 8 mois de prison \u00e0 Kondengui pour avoir vol\u00e9 deux portes au Minfopra. Le journal de Christophe Bobiokono indique que l\u2019infortun\u00e9 a reconnu son acte le 22 f\u00e9vrier au cours d\u2019une audience au Tribunal de grande instance de Yaound\u00e9.<\/p>\n<p class=\"c9\">En plus des 8 mois de prison, il \u00e9cope d\u2019une amande de 50 000 FCFA et \u00a0doit aussi payer la somme de 25\u00a0000 FCFA repr\u00e9sentant les frais de justice.<\/p>\n<\/div>\n<p>Auteur: Christian DJIMADEU<br \/>\n<a href=\"https:\/\/www.journalducameroun.com\/cameroun-le-ministre-joseph-le-enferme-paul-biya-a-la-prison-de-kondengui\/\">Cliquez ici pour lire l&rsquo;article depuis sa source.<\/a><\/p>\n","protected":false},"excerpt":{"rendered":"<p>Publi\u00e9 le 18.03.2021 \u00e0 11h17 par Christian Djimadeu Coupable d\u2019avoir vol\u00e9 deux portes au minist\u00e8re de Fonction publique et de la r\u00e9forme administrative (Minfopra) le 17 janvier, un homonyme du chef de l\u2019Etat camerounais \u00e9cope de 8 mois d\u2019emprisonnement ferme. Paul Biya,\u00a0vigile au d\u00e9partement minist\u00e9riel que dirige Joseph L\u00e9, est en prison, r\u00e9v\u00e8le dans son [&hellip;]<\/p>\n","protected":false},"author":1965,"featured_media":0,"comment_status":"closed","ping_status":"closed","sticky":false,"template":"","format":"standard","meta":{"fifu_image_url":"","fifu_image_alt":"","footnotes":""},"categories":[73,82],"tags":[],"class_list":["post-113341","post","type-post","status-publish","format-standard","hentry","category-actualite","category-cameroun"],"_links":{"self":[{"href":"https:\/\/linitiative.ca\/International\/wp-json\/wp\/v2\/posts\/113341","targetHints":{"allow":["GET"]}}],"collection":[{"href":"https:\/\/linitiative.ca\/International\/wp-json\/wp\/v2\/posts"}],"about":[{"href":"https:\/\/linitiative.ca\/International\/wp-json\/wp\/v2\/types\/post"}],"author":[{"embeddable":true,"href":"https:\/\/linitiative.ca\/International\/wp-json\/wp\/v2\/users\/1965"}],"replies":[{"embeddable":true,"href":"https:\/\/linitiative.ca\/International\/wp-json\/wp\/v2\/comments?post=113341"}],"version-history":[{"count":0,"href":"https:\/\/linitiative.ca\/International\/wp-json\/wp\/v2\/posts\/113341\/revisions"}],"wp:attachment":[{"href":"https:\/\/linitiative.ca\/International\/wp-json\/wp\/v2\/media?parent=113341"}],"wp:term":[{"taxonomy":"category","embeddable":true,"href":"https:\/\/linitiative.ca\/International\/wp-json\/wp\/v2\/categories?post=113341"},{"taxonomy":"post_tag","embeddable":true,"href":"https:\/\/linitiative.ca\/International\/wp-json\/wp\/v2\/tags?post=113341"}],"curies":[{"name":"wp","href":"https:\/\/api.w.org\/{rel}","templated":true}]}}