{"id":113343,"date":"2021-03-18T10:37:54","date_gmt":"2021-03-18T14:37:54","guid":{"rendered":"https:\/\/linitiative.ca\/International\/cameroun-cavaye-yeguie-djibril-rempile-a-lassemblee-nationale\/"},"modified":"2021-03-18T10:37:54","modified_gmt":"2021-03-18T14:37:54","slug":"cameroun-cavaye-yeguie-djibril-rempile-a-lassemblee-nationale","status":"publish","type":"post","link":"https:\/\/linitiative.ca\/International\/cameroun-cavaye-yeguie-djibril-rempile-a-lassemblee-nationale\/","title":{"rendered":"Cameroun : Cavay\u00e9 Y\u00e9guie Djibril rempile \u00e0 l\u2019Assembl\u00e9e nationale"},"content":{"rendered":"<div readability=\"32\">\n<p>Publi\u00e9 le 18.03.2021 \u00e0 15h37 par Emile Zola Nd\u00e9 Tchoussi<\/p>\n<\/div>\n<div readability=\"61\">\n<h5 class=\"c8\"><strong>Le pr\u00e9sident sortant \u00e9tait l\u2019unique candidat au poste de pr\u00e9sident de chambre basse. Il\u00a0\u00a0a comme d\u2019habitude \u00e9t\u00e9 r\u00e9\u00e9lu sans surprise \u00e0 la t\u00eate de l\u2019Assembl\u00e9e nationale lors d\u2019un scrutin uninominal \u00e0 la majorit\u00e9 absolue, avec 147 voix pour et\u00a0\u00a015 bulletins nuls.\u00a0Sur les 162 d\u00e9put\u00e9s ayant pris part au vote.<\/strong><\/h5>\n<p class=\"c9\">A l\u2019Assembl\u00e9e nationale du Cameroun, c\u2019est toujours le statu quo. On prend les m\u00eames et on recommence. Un sc\u00e9nario huil\u00e9 d\u2019avance, des r\u00e9sultats connus depuis la tenue de la r\u00e9union du groupe parlementaire du Rassemblement d\u00e9mocratique du peuple camerounais (<strong>Rdpc<\/strong>), ce matin 18 mars 2021. A l\u2019issue de l\u2019\u00e9lection du bureau de la chambre basse du Parlement, le bureau de l\u2019ann\u00e9e derni\u00e8re a \u00e9t\u00e9 reconduit avec \u00e0 sa t\u00eate <strong>Cavaye Yeguie Djibril<\/strong>, au perchoir depuis 29 ans. L\u2019honorable <strong>Hilarion Etong<\/strong> est aussi reconduit au poste de vice-pr\u00e9sident.<\/p>\n<p class=\"c9\">\u00c2g\u00e9 aujourd\u2019hui de 81 ans, Cavaye Yeguie Djibril si\u00e8ge \u00e0 l\u2019Assembl\u00e9e nationale depuis 49 ans, except\u00e9 pendant la p\u00e9riode 1988-1992. Et depuis 29 ans, cet originaire \u00a0de Mada, dans l\u2019arrondissement de Tokomb\u00e9r\u00e9, d\u00e9partement de Mayo-Sava, r\u00e9gion de l\u2019Extr\u00eame Nord, membre du politique du RDPC, occupe le poste de pr\u00e9sident de l\u2019Assembl\u00e9e nationale du Cameroun.<\/p>\n<p class=\"c9\">\u00c0 voir comment Cavaye Y\u00e9gui\u00e9 Djibril,\u00a0 ma\u00eetre d\u2019\u00e9ducation physique de formation, combine moyens loyaux et d\u00e9loyaux pour ne pas perdre son poste de d\u00e9put\u00e9 dans sa r\u00e9gion natale \u00e0 l\u2019<strong>Extr\u00eame-Nord<\/strong>, l\u2019on comprend que cet octog\u00e9naire ne voit pas encore son avenir politique dans un r\u00e9troviseur.<\/p>\n<\/div>\n<p>Auteur: Christian DJIMADEU<br \/>\n<a href=\"https:\/\/www.journalducameroun.com\/cameroun-cavaye-yeguie-djibril-rempile-a-lassemblee-nationale-cameroun\/\">Cliquez ici pour lire l&rsquo;article depuis sa source.<\/a><\/p>\n","protected":false},"excerpt":{"rendered":"<p>Publi\u00e9 le 18.03.2021 \u00e0 15h37 par Emile Zola Nd\u00e9 Tchoussi Le pr\u00e9sident sortant \u00e9tait l\u2019unique candidat au poste de pr\u00e9sident de chambre basse. Il\u00a0\u00a0a comme d\u2019habitude \u00e9t\u00e9 r\u00e9\u00e9lu sans surprise \u00e0 la t\u00eate de l\u2019Assembl\u00e9e nationale lors d\u2019un scrutin uninominal \u00e0 la majorit\u00e9 absolue, avec 147 voix pour et\u00a0\u00a015 bulletins nuls.\u00a0Sur les 162 d\u00e9put\u00e9s ayant [&hellip;]<\/p>\n","protected":false},"author":1965,"featured_media":0,"comment_status":"closed","ping_status":"closed","sticky":false,"template":"","format":"standard","meta":{"fifu_image_url":"","fifu_image_alt":"","footnotes":""},"categories":[73,82],"tags":[],"class_list":["post-113343","post","type-post","status-publish","format-standard","hentry","category-actualite","category-cameroun"],"_links":{"self":[{"href":"https:\/\/linitiative.ca\/International\/wp-json\/wp\/v2\/posts\/113343","targetHints":{"allow":["GET"]}}],"collection":[{"href":"https:\/\/linitiative.ca\/International\/wp-json\/wp\/v2\/posts"}],"about":[{"href":"https:\/\/linitiative.ca\/International\/wp-json\/wp\/v2\/types\/post"}],"author":[{"embeddable":true,"href":"https:\/\/linitiative.ca\/International\/wp-json\/wp\/v2\/users\/1965"}],"replies":[{"embeddable":true,"href":"https:\/\/linitiative.ca\/International\/wp-json\/wp\/v2\/comments?post=113343"}],"version-history":[{"count":0,"href":"https:\/\/linitiative.ca\/International\/wp-json\/wp\/v2\/posts\/113343\/revisions"}],"wp:attachment":[{"href":"https:\/\/linitiative.ca\/International\/wp-json\/wp\/v2\/media?parent=113343"}],"wp:term":[{"taxonomy":"category","embeddable":true,"href":"https:\/\/linitiative.ca\/International\/wp-json\/wp\/v2\/categories?post=113343"},{"taxonomy":"post_tag","embeddable":true,"href":"https:\/\/linitiative.ca\/International\/wp-json\/wp\/v2\/tags?post=113343"}],"curies":[{"name":"wp","href":"https:\/\/api.w.org\/{rel}","templated":true}]}}