{"id":113344,"date":"2021-03-18T14:10:25","date_gmt":"2021-03-18T18:10:25","guid":{"rendered":"https:\/\/linitiative.ca\/International\/cameroun-yannick-noah-veut-construire-des-infrastructures-sportives-ultramodernes\/"},"modified":"2021-03-18T14:10:25","modified_gmt":"2021-03-18T18:10:25","slug":"cameroun-yannick-noah-veut-construire-des-infrastructures-sportives-ultramodernes","status":"publish","type":"post","link":"https:\/\/linitiative.ca\/International\/cameroun-yannick-noah-veut-construire-des-infrastructures-sportives-ultramodernes\/","title":{"rendered":"Cameroun : Yannick Noah veut construire des infrastructures sportives ultramodernes"},"content":{"rendered":"<div readability=\"32\">\n<p>Publi\u00e9 le 18.03.2021 \u00e0 19h10 par Journal du Cameroun<\/p>\n<\/div>\n<div readability=\"55\">\n<h5 class=\"c8\"><strong>L\u2019ancien tennisman et entraineur de l\u2019\u00e9quipe de France a d\u00e9clin\u00e9 ses projets au ministre des Sports et de l\u2019\u00e9ducation physique le 17 mars 2021 au cours d\u2019une audience qui lui a \u00e9t\u00e9 accord\u00e9e.<\/strong><\/h5>\n<p class=\"c9\">Le ministre <strong>Narcisse Mouelle Kombi,<\/strong> \u00a0sur sa page Facebook le 17 mars 2021, rend compte de son audience accord\u00e9e \u00e0 \u00a0l\u2019ancien tennisman fran\u00e7ais, d\u2019origine camerounaise <strong>Yannick Noah<\/strong>.<em>\u00a0\u00ab(\u2026) Nos \u00e9changes ont port\u00e9 sur les diff\u00e9rents projets sportifs qu\u2019il accompagne au Cameroun, tant dans le domaine du tennis que de celui du Basket. Rappelant la vision du Chef de l\u2019\u00c9tat en mati\u00e8re de promotion des activit\u00e9s sportives, traduite entre autres par la construction d\u2019infrastructures multisports ultramodernes sur le territoire national\u00a0\u00bb, \u00e9crit le patron des Sports.<\/em><\/p>\n<p class=\"c9\">Narcisse Mouelle Kombi salue les initiatives de l\u2019ancien pr\u00e9parateur psychologique des Lions indomptables. \u00ab\u00a0(\u2026) <em>j\u2019ai r\u00e9it\u00e9r\u00e9 au Champion de Roland Garros, l\u2019engagement du gouvernement de la R\u00e9publique en faveur de l\u2019\u00e9closion, l\u2019\u00e9panouissement et le rayonnement international du talent sportif camerounais<\/em>\u00bb.<\/p>\n<p class=\"c9\">Cela fait plusieurs semaines que Yannick Noah est au Cameroun. Tr\u00e8s pr\u00e9sent dans le centre de Tennis qui porte son nom au quartier Tongolo \u00e0 Yaound\u00e9. Avant le ministre des Sports, il avait \u00e9t\u00e9 aper\u00e7u en f\u00e9vrier dernier au Palais de l\u2019unit\u00e9 autour du couple pr\u00e9sidentiel \u00e0 l\u2019occasion de l\u2019anniversaire du chef de l\u2019Etat <strong>Paul Biya<\/strong>. \u00a0C\u2019est connu, le Cameroun occupe une grande place dans le c\u0153ur de Yannick Noah qui veut participer \u00e0 sa mani\u00e8re \u00e0 son d\u00e9veloppement.<\/p>\n<\/div>\n<p>Auteur: Christian DJIMADEU<br \/>\n<a href=\"https:\/\/www.journalducameroun.com\/cameroun-yannick-noah-veut-construire-des-infrastructures-sportives-ultramodernes-cameroun\/\">Cliquez ici pour lire l&rsquo;article depuis sa source.<\/a><\/p>\n","protected":false},"excerpt":{"rendered":"<p>Publi\u00e9 le 18.03.2021 \u00e0 19h10 par Journal du Cameroun L\u2019ancien tennisman et entraineur de l\u2019\u00e9quipe de France a d\u00e9clin\u00e9 ses projets au ministre des Sports et de l\u2019\u00e9ducation physique le 17 mars 2021 au cours d\u2019une audience qui lui a \u00e9t\u00e9 accord\u00e9e. Le ministre Narcisse Mouelle Kombi, \u00a0sur sa page Facebook le 17 mars 2021, [&hellip;]<\/p>\n","protected":false},"author":1965,"featured_media":0,"comment_status":"closed","ping_status":"closed","sticky":false,"template":"","format":"standard","meta":{"fifu_image_url":"","fifu_image_alt":"","footnotes":""},"categories":[73,82],"tags":[],"class_list":["post-113344","post","type-post","status-publish","format-standard","hentry","category-actualite","category-cameroun"],"_links":{"self":[{"href":"https:\/\/linitiative.ca\/International\/wp-json\/wp\/v2\/posts\/113344","targetHints":{"allow":["GET"]}}],"collection":[{"href":"https:\/\/linitiative.ca\/International\/wp-json\/wp\/v2\/posts"}],"about":[{"href":"https:\/\/linitiative.ca\/International\/wp-json\/wp\/v2\/types\/post"}],"author":[{"embeddable":true,"href":"https:\/\/linitiative.ca\/International\/wp-json\/wp\/v2\/users\/1965"}],"replies":[{"embeddable":true,"href":"https:\/\/linitiative.ca\/International\/wp-json\/wp\/v2\/comments?post=113344"}],"version-history":[{"count":0,"href":"https:\/\/linitiative.ca\/International\/wp-json\/wp\/v2\/posts\/113344\/revisions"}],"wp:attachment":[{"href":"https:\/\/linitiative.ca\/International\/wp-json\/wp\/v2\/media?parent=113344"}],"wp:term":[{"taxonomy":"category","embeddable":true,"href":"https:\/\/linitiative.ca\/International\/wp-json\/wp\/v2\/categories?post=113344"},{"taxonomy":"post_tag","embeddable":true,"href":"https:\/\/linitiative.ca\/International\/wp-json\/wp\/v2\/tags?post=113344"}],"curies":[{"name":"wp","href":"https:\/\/api.w.org\/{rel}","templated":true}]}}