{"id":113345,"date":"2021-03-18T08:40:05","date_gmt":"2021-03-18T12:40:05","guid":{"rendered":"https:\/\/linitiative.ca\/International\/protection-de-la-nature-le-fonds-pour-lenvironnement-accorde-72-milliards-de-fcfa-au-cameroun\/"},"modified":"2021-03-18T08:40:05","modified_gmt":"2021-03-18T12:40:05","slug":"protection-de-la-nature-le-fonds-pour-lenvironnement-accorde-72-milliards-de-fcfa-au-cameroun","status":"publish","type":"post","link":"https:\/\/linitiative.ca\/International\/protection-de-la-nature-le-fonds-pour-lenvironnement-accorde-72-milliards-de-fcfa-au-cameroun\/","title":{"rendered":"Protection de la nature : le fonds pour l\u2019environnement accorde 7,2 milliards de Fcfa au Cameroun"},"content":{"rendered":"<p>Le programme de gestion des for\u00eats du Bassin du Congo, qui s\u2019\u00e9tend de la p\u00e9riode 2021 \u00e0 2026, vient adopter le document de \u00ab\u00a0gestion int\u00e9gr\u00e9e des paysages forestiers du Cameroun dans le Bassin du Congo\u00a0\u00bb.\u00a0La session de validation a \u00e9t\u00e9 pr\u00e9sid\u00e9e par le ministre de l\u2019Environnement, de la protection de la nature et du d\u00e9veloppement durable (Minepded) H\u00e9l\u00e9 Pierre, a pr\u00e9sid\u00e9 les 4 et 5 mars 2021 \u00e0 Mbankomo, une banlieue da Yaound\u00e9. Le nouveau Document sera alors ex\u00e9cut\u00e9 par le Minepded, en collaboration avec le World Wide Fund (WWF), bureau du Cameroun, en tant qu\u2019agent fiduciaire.<\/p>\n<p><strong>Lire aussi<\/strong> : <a href=\"https:\/\/ecomatin.net\/les-pays-du-bassin-du-congo-veulent-interdire-lexportation-du-bois-en-grumes\/\">Les pays du bassin du Congo veulent interdire l\u2019exportation du bois en grumes<\/a><\/p>\n<p>Le programme en question b\u00e9n\u00e9ficie d\u2019un financement du Fonds pour l\u2019environnement mondial (FEM) qui s\u2019\u00e9l\u00e8ve \u00e0 10,4 millions de dollars soit 5,6 milliards de Fcfa obtenu par le Cameroun au titre de la septi\u00e8me phase du FEM, sur une allocation total de 13,99 millions de dollars (7,6 milliards de Fcfa).<\/p>\n<p>Pour le Minepded, il est question dans ce contrat d\u2019encourager le partenariat public-priv\u00e9 dans la protection de l\u2019environnement \u00e0 travers le financement dans le secteur du tourisme et de l\u2019am\u00e9nagement des espaces pour favoriser le d\u00e9veloppement local.<\/p>\n<p>L\u2019int\u00e9r\u00eat pour le Bassin du Congo r\u00e9side dans le fait qu\u2019il repr\u00e9sente le deuxi\u00e8me massif forestier tropical du monde apr\u00e8s le bassin amazonien. Ses for\u00eats denses et humides couvrent environ 200 millions d\u2019hectares, dont plus de la moiti\u00e9 se trouvent en RDC.<\/p>\n<p><strong>Lire aussi<\/strong> : <a href=\"https:\/\/ecomatin.net\/exploitation-illegale-du-bois-le-coup-depee-dans-leau-datanga-nji\/\">Exploitation ill\u00e9gale du bois: le coup d\u2019\u00e9p\u00e9e dans l\u2019eau d\u2019Atanga Nji<\/a><\/p>\n<p>Pour rappel programme de gestion des for\u00eats du Bassin du Congo est un programme r\u00e9gional d\u2019appui \u00e0 la Commission des For\u00eats d\u2019Afrique Centrale (Comifac) financ\u00e9 par le minist\u00e8re allemand de la coop\u00e9ration (BMZ). Il a pour objectifs de mieux prot\u00e9ger et s\u2019assurer de l\u2019exploitation d\u2019une mani\u00e8re plus durable la diversit\u00e9 biologique et les ressources foresti\u00e8res du Bassin du Congo et des savanes avoisinantes. Il est constitu\u00e9 de deux projets de coop\u00e9ration technique ex\u00e9cut\u00e9s par l\u2019Agence allemande de coop\u00e9ration internationale pour le d\u00e9veloppement (GIZ) et trois projets de coop\u00e9ration financi\u00e8re financ\u00e9s par la Banque Allemande de D\u00e9veloppement national d\u00e9di\u00e9e \u00e0 la Coop\u00e9ration Financi\u00e8re (KFW.)<\/p>\n<p>Les deux projets de coop\u00e9ration technique ex\u00e9cut\u00e9s par la GIZ sont les Projet d\u2019Appui r\u00e9gional \u00e0 la Commission des For\u00eats d\u2019Afrique Centrale encore appel\u00e9 projet m\u00e8re ou module m\u00e8re et celui \u00a0d\u2019appui au Complexe Binational Sena Oura \u2013 Bouba Ndjida (BSB Yamoussa). Ce module a deux unit\u00e9s op\u00e9rationnelles dont l\u2019une bas\u00e9e \u00e0 Garoua au Cameroun \u00e0 l\u2019Ecole Nationale de Faune et l\u2019autre \u00e0 Pala au Tchad. Les trois projets de coop\u00e9ration financi\u00e8re ex\u00e9cut\u00e9s par la KFW sont : Projet de Promotion des Exploitations Certifi\u00e9es des For\u00eats (Ppecf), Fondation pour le Tri-national de la Sangha (Ftns), Projet d\u2019appui au Complexe Binational Sena Oura\u2013Bouba Ndjida (BSB Yamoussa).<\/p>\n<p><strong>Lire aussi<\/strong> : <a href=\"https:\/\/ecomatin.net\/un-plan-triennal-pour-ameliorer-la-transparence-dans-les-processus-redd-et-apv-fleg\/\">Un plan triennal pour am\u00e9liorer la transparence dans les processus Redd+ et APV Fleg<\/a><\/p>\n<p>Auteur: Cindy MBALA<br \/>\n<a href=\"https:\/\/ecomatin.net\/protection-de-la-nature-le-fonds-pour-lenvironnement-accorde-72-milliards-de-fcfa-au-cameroun\/\">Cliquez ici pour lire l&rsquo;article depuis sa source.<\/a><\/p>\n","protected":false},"excerpt":{"rendered":"<p>Le programme de gestion des for\u00eats du Bassin du Congo, qui s\u2019\u00e9tend de la p\u00e9riode 2021 \u00e0 2026, vient adopter le document de \u00ab\u00a0gestion int\u00e9gr\u00e9e des paysages forestiers du Cameroun dans le Bassin du Congo\u00a0\u00bb.\u00a0La session de validation a \u00e9t\u00e9 pr\u00e9sid\u00e9e par le ministre de l\u2019Environnement, de la protection de la nature et du d\u00e9veloppement [&hellip;]<\/p>\n","protected":false},"author":1969,"featured_media":0,"comment_status":"closed","ping_status":"closed","sticky":false,"template":"","format":"standard","meta":{"fifu_image_url":"","fifu_image_alt":"","footnotes":""},"categories":[82,78],"tags":[],"class_list":["post-113345","post","type-post","status-publish","format-standard","hentry","category-cameroun","category-economie"],"_links":{"self":[{"href":"https:\/\/linitiative.ca\/International\/wp-json\/wp\/v2\/posts\/113345","targetHints":{"allow":["GET"]}}],"collection":[{"href":"https:\/\/linitiative.ca\/International\/wp-json\/wp\/v2\/posts"}],"about":[{"href":"https:\/\/linitiative.ca\/International\/wp-json\/wp\/v2\/types\/post"}],"author":[{"embeddable":true,"href":"https:\/\/linitiative.ca\/International\/wp-json\/wp\/v2\/users\/1969"}],"replies":[{"embeddable":true,"href":"https:\/\/linitiative.ca\/International\/wp-json\/wp\/v2\/comments?post=113345"}],"version-history":[{"count":0,"href":"https:\/\/linitiative.ca\/International\/wp-json\/wp\/v2\/posts\/113345\/revisions"}],"wp:attachment":[{"href":"https:\/\/linitiative.ca\/International\/wp-json\/wp\/v2\/media?parent=113345"}],"wp:term":[{"taxonomy":"category","embeddable":true,"href":"https:\/\/linitiative.ca\/International\/wp-json\/wp\/v2\/categories?post=113345"},{"taxonomy":"post_tag","embeddable":true,"href":"https:\/\/linitiative.ca\/International\/wp-json\/wp\/v2\/tags?post=113345"}],"curies":[{"name":"wp","href":"https:\/\/api.w.org\/{rel}","templated":true}]}}