{"id":113346,"date":"2021-03-18T09:02:18","date_gmt":"2021-03-18T13:02:18","guid":{"rendered":"https:\/\/linitiative.ca\/International\/assemblee-nationale-cavaye-yeguie-djibril-rempile-pour-la-29eme-fois\/"},"modified":"2021-03-18T09:02:18","modified_gmt":"2021-03-18T13:02:18","slug":"assemblee-nationale-cavaye-yeguie-djibril-rempile-pour-la-29eme-fois","status":"publish","type":"post","link":"https:\/\/linitiative.ca\/International\/assemblee-nationale-cavaye-yeguie-djibril-rempile-pour-la-29eme-fois\/","title":{"rendered":"Assembl\u00e9e nationale : Cavaye Yegui\u00e9 Djibril rempile pour la 29eme fois"},"content":{"rendered":"<p>Un sc\u00e9nario huil\u00e9 d\u2019avance, des r\u00e9sultats connus depuis la tenue de la r\u00e9union du groupe parlementaire du Rassemblement d\u00e9mocratique du peuple camerounais (Rdpc) il y a\u00a0\u00a0moins de 3 heures. Le Secr\u00e9taire g\u00e9n\u00e9ral de Comit\u00e9 central du Rdpc a en effet, d\u00e9voil\u00e9 le choix du candidat de cette formation politique au poste de Pr\u00e9sident de l\u2019Assembl\u00e9e nationale. Sans grande surprise, le fils de Mada, dans la r\u00e9gion de l\u2019Extr\u00eame-nord, a \u00e9t\u00e9 reconduit \u00e0 cette fonction.<\/p>\n<p><strong>Remerciements \u00e0 l\u2019endroit de Paul Biya<\/strong><\/p>\n<p>Cavaye Yegui\u00e9 Djibril a \u00e0 nouveau \u00e9t\u00e9 choisi par le pr\u00e9sident national de la formation politique. Le d\u00e9put\u00e9 du Mayo Sava est d\u00e8s lors r\u00e9\u00e9lu avec 147 voix pour et\u00a0\u00a015 bulletins nuls. Une r\u00e9\u00e9lection qui a conduit, comme les 28 autres fois, \u00e0 des remerciements \u00e0 l\u2019endroit du pr\u00e9sident national du Rdpc. \u00a0\u00ab\u00a0Que vous soyez du Rdpc, parti majoritaire, ou de l\u2019opposition, je serai toujours et pour tous, le pr\u00e9sident de l\u2019Assembl\u00e9e nationale du Cameroun. Ma gratitude, mais alors, ma profonde gratitude, va \u00e0 l\u2019endroit de son Excellence Monsieur Paul Biya, Pr\u00e9sident de la R\u00e9publique du Cameroun, Chef de l\u2019Etat et pr\u00e9sident national de mon parti, le Rassemblement d\u00e9mocratique du peuple Camerounais. En m\u2019accordant l\u2019investiture du parti, pour l\u2019\u00e9lection qui vient de se d\u00e9rouler, il a une fois encore manifest\u00e9 sa tr\u00e8s haute confiance \u00e0 l\u2019endroit de l\u2019humble serviteur que je suis. Je lui dis infiniment. Trois fois merci. Je ferai tout ce qui est en mon pouvoir et plus que par le pass\u00e9 de m\u00e9riter cette haute confiance\u00a0\u00bb\u00a0a d\u00e9clar\u00e9 Cavaye Y\u00e9gui\u00e9 Djibril. Profitant en outre de cette occasion pour remercier les collaborateurs de Paul Biya au sein du parti du Flambeau.<\/p>\n<p><strong>Statu\u00a0\u00a0quo<\/strong><\/p>\n<p>L\u2019\u00e9lection du Bureau de l\u2019Assembl\u00e9e nationale de ce jeudi 18 mars 2021 n\u2019a conduit \u00e0 aucun changement. Hilarion Etong demeure le premier vice-pr\u00e9sident de l\u2019Assembl\u00e9e nationale. Ce dernier a \u00e9t\u00e9 \u00e9lu avec 145 voix pour contre 17 bulletins nuls. Comme de coutume, une liste consensuelle a pourvu les autres postes. En effet, les\u00a0\u00a0noms des 5\u00a0\u00a0vice-pr\u00e9sidents, des 4 questeurs et des 12\u00a0\u00a0secr\u00e9taires ont \u00e9t\u00e9 lus et valid\u00e9s sans aucune opposition.<\/p>\n<p>\u00a0<strong>Bureau de l\u2019Assembl\u00e9e nationale<\/strong><\/p>\n<p><strong>Pr\u00e9sident\u00a0: Hon Cavaye Y\u00e9gui\u00e9 Djibril (Rdpc)<\/strong><\/p>\n<p><strong>Premier vice-pr\u00e9sident\u00a0: Hon Hilarion Etong (Rdpc)<\/strong><\/p>\n<p><strong>Vice-pr\u00e9sidents\u00a0:<\/strong><\/p>\n<p><strong>Hon Baoro Th\u00e9ophile (Rdpc)<\/strong><\/p>\n<p><strong>Hon Monjowa Lifaka Emilia (Rdpc)<\/strong><\/p>\n<p><strong>Hon Kombo Gberi (Rdpc)<\/strong><\/p>\n<p><strong>Hon Datouo Th\u00e9odore (Rdpc)<\/strong><\/p>\n<p><strong>Hon Abba Alim (Undp)<\/strong><\/p>\n<p>Auteur: EcoMatin<br \/>\n<a href=\"https:\/\/ecomatin.net\/assemblee-nationale-cavaye-yeguie-djibril-rempile-pour-la-29eme-foiss\/\">Cliquez ici pour lire l&rsquo;article depuis sa source.<\/a><\/p>\n","protected":false},"excerpt":{"rendered":"<p>Un sc\u00e9nario huil\u00e9 d\u2019avance, des r\u00e9sultats connus depuis la tenue de la r\u00e9union du groupe parlementaire du Rassemblement d\u00e9mocratique du peuple camerounais (Rdpc) il y a\u00a0\u00a0moins de 3 heures. Le Secr\u00e9taire g\u00e9n\u00e9ral de Comit\u00e9 central du Rdpc a en effet, d\u00e9voil\u00e9 le choix du candidat de cette formation politique au poste de Pr\u00e9sident de l\u2019Assembl\u00e9e [&hellip;]<\/p>\n","protected":false},"author":1969,"featured_media":0,"comment_status":"closed","ping_status":"closed","sticky":false,"template":"","format":"standard","meta":{"fifu_image_url":"","fifu_image_alt":"","footnotes":""},"categories":[82,78],"tags":[],"class_list":["post-113346","post","type-post","status-publish","format-standard","hentry","category-cameroun","category-economie"],"_links":{"self":[{"href":"https:\/\/linitiative.ca\/International\/wp-json\/wp\/v2\/posts\/113346","targetHints":{"allow":["GET"]}}],"collection":[{"href":"https:\/\/linitiative.ca\/International\/wp-json\/wp\/v2\/posts"}],"about":[{"href":"https:\/\/linitiative.ca\/International\/wp-json\/wp\/v2\/types\/post"}],"author":[{"embeddable":true,"href":"https:\/\/linitiative.ca\/International\/wp-json\/wp\/v2\/users\/1969"}],"replies":[{"embeddable":true,"href":"https:\/\/linitiative.ca\/International\/wp-json\/wp\/v2\/comments?post=113346"}],"version-history":[{"count":0,"href":"https:\/\/linitiative.ca\/International\/wp-json\/wp\/v2\/posts\/113346\/revisions"}],"wp:attachment":[{"href":"https:\/\/linitiative.ca\/International\/wp-json\/wp\/v2\/media?parent=113346"}],"wp:term":[{"taxonomy":"category","embeddable":true,"href":"https:\/\/linitiative.ca\/International\/wp-json\/wp\/v2\/categories?post=113346"},{"taxonomy":"post_tag","embeddable":true,"href":"https:\/\/linitiative.ca\/International\/wp-json\/wp\/v2\/tags?post=113346"}],"curies":[{"name":"wp","href":"https:\/\/api.w.org\/{rel}","templated":true}]}}