{"id":113347,"date":"2021-03-18T10:11:13","date_gmt":"2021-03-18T14:11:13","guid":{"rendered":"https:\/\/linitiative.ca\/International\/developpement-urbain-plus-de-13-milliards-de-f-pour-les-travaux-structurants-de-7-villes-camerounaises\/"},"modified":"2021-03-18T10:11:13","modified_gmt":"2021-03-18T14:11:13","slug":"developpement-urbain-plus-de-13-milliards-de-f-pour-les-travaux-structurants-de-7-villes-camerounaises","status":"publish","type":"post","link":"https:\/\/linitiative.ca\/International\/developpement-urbain-plus-de-13-milliards-de-f-pour-les-travaux-structurants-de-7-villes-camerounaises\/","title":{"rendered":"D\u00e9veloppement urbain: plus de 13 milliards de F pour les travaux structurants de 7 villes camerounaises"},"content":{"rendered":"<p>L\u2019ann\u00e9e 2021, marquera le d\u00e9marrage effectif des travaux d\u2019infrastructures structurants dans 7 villes du Cameroun, \u00a0pour une enveloppe de plus de 13 milliards de F.\u00a0C\u2019est ce qui ressort de la \u00a0deuxi\u00e8me session du Comit\u00e9 de Pilotage du Programme de D\u00e9veloppement des Villes Inclusives et R\u00e9silientes (Pdvir), tenue par visioconf\u00e9rence, le 16 mars 2021. La session a r\u00e9uni \u00a0une cinquantaine d\u2019acteurs connect\u00e9s \u00e0 travers le pays, parmi lesquels les \u00e9lus locaux, les ordres nationaux, les jeunes, ainsi que \u00a0toutes les parties prenantes \u00e0 ce programme.\u00a0<\/p>\n<p><strong>Lire aussi<\/strong> : <a href=\"https:\/\/ecomatin.net\/logements-sociaux-shelter-afrique-accorde-6630-milliards-de-f-au-cameroun\/\">Logements sociaux : Shelter Afrique accorde 6,630 milliards de F au Cameroun<\/a><\/p>\n<p>Les travaux ont permis entre autres, la validation du Plan de Travail et du Budget Annuel (Ptba).\u00a0\u00abCette avanc\u00e9e est le fruit du soutien constant du Chef de l\u2019\u00c9tat pour ce programme, dont les populations attendent les r\u00e9sultats pour voir leurs villes transform\u00e9es, r\u00e9silientes et inclusives.\u00a0Fait savoir le ministre de l\u2019habitat et du d\u00e9veloppement urbain, Celestine Ketcha Courtes. Par ailleurs, le Minhdu a pris note avec satisfaction de l\u2019appr\u00e9ciation des jeunes qui ont tenu \u00e0 exprimer leur reconnaissance au Chef de\u00a0l\u2019\u00c9tat \u00ab\u00a0pour avoir inscrit un volet insertion \u00e9conomique des jeunes dans le Pdvir\u00a0\u00bb.<\/p>\n<p><strong>Lire aussi<\/strong> : <a href=\"https:\/\/ecomatin.net\/limbe-ville-la-plus-propre-du-cameroun\/\">Limbe, ville la plus propre du Cameroun<\/a><\/p>\n<p>L\u2019on se souvient qu\u2019en date du 1er mars 2019, \u00a0dans le cadre du Projet de D\u00e9veloppement des Villes Inclusives et R\u00e9silientes, le gouvernement avait \u00a0\u00a0sign\u00e9 un accord de cr\u00e9dit de pr\u00e8s de 94 milliards FCFA avec la Banque Mondiale au profit de 7 villes du pays \u00a0et de 21 quartiers d\u2019habitat pr\u00e9caire.\u00a0Les villes en question \u00e9taient Batouri, dans la r\u00e9gion de l\u2019Est\u00a0; Douala, dans la r\u00e9gion du Littoral ; Kouss\u00e9ri, \u00e0 l\u2019Extr\u00eame-Nord ; Kumba au Sud-Ouest ; Maroua \u00e0 l\u2019Extr\u00eame-Nord ; Ngaound\u00e9r\u00e9\u00a0\u00a0dans l\u2019Adamaoua et Yaound\u00e9 dans la r\u00e9gion du Centre. Les parties signataires\u00a0\u00a0de cet accord \u00e9taient du c\u00f4t\u00e9 Camerounais le ministre de l\u2019Economie, de la Planification et de l\u2019Am\u00e9nagement du Territoire, Alamine Ousmane Mey\u00a0; le ministre de l\u2019Habitat et du D\u00e9veloppement Urbain, C\u00e9lestine Ketcha Court\u00e8s et le ministre des Finances, Louis Paul Motaze. La Banque Mondiale elle \u00e9tait repr\u00e9sent\u00e9e par la Directrice des Op\u00e9rations, Elisabeth Huybens.<\/p>\n<p><strong>Lire aussi<\/strong> : <a href=\"https:\/\/ecomatin.net\/cameroun-bientot-les-logements-sociaux-de-3-chambres-a-75-millions-de-fcfa\/\">Cameroun : bient\u00f4t les logements sociaux de 3 chambres \u00e0 7,5 millions de FCFA<\/a><\/p>\n<p>Il faut noter que, Le Pdvir succ\u00e8de au Projet de D\u00e9veloppement Urbain et du Secteur de l\u2019Eau (Pdue), cl\u00f4tur\u00e9 le 31 ao\u00fbt 2015 et qui a \u00e9t\u00e9 mis en \u0153uvre avec l\u2019appui technique et financier de la Banque mondiale. 651 400 personnes avaient directement \u00a0pu b\u00e9n\u00e9ficier de ce programme.<\/p>\n<p>Auteur: Amina MALLOUM<br \/>\n<a href=\"https:\/\/ecomatin.net\/developpement-urbain-plus-de-13-milliards-de-f-pour-les-travaux-structurants-de-7-villes-camerounaises\/\">Cliquez ici pour lire l&rsquo;article depuis sa source.<\/a><\/p>\n","protected":false},"excerpt":{"rendered":"<p>L\u2019ann\u00e9e 2021, marquera le d\u00e9marrage effectif des travaux d\u2019infrastructures structurants dans 7 villes du Cameroun, \u00a0pour une enveloppe de plus de 13 milliards de F.\u00a0C\u2019est ce qui ressort de la \u00a0deuxi\u00e8me session du Comit\u00e9 de Pilotage du Programme de D\u00e9veloppement des Villes Inclusives et R\u00e9silientes (Pdvir), tenue par visioconf\u00e9rence, le 16 mars 2021. La session [&hellip;]<\/p>\n","protected":false},"author":1969,"featured_media":0,"comment_status":"closed","ping_status":"closed","sticky":false,"template":"","format":"standard","meta":{"fifu_image_url":"","fifu_image_alt":"","footnotes":""},"categories":[82,78],"tags":[],"class_list":["post-113347","post","type-post","status-publish","format-standard","hentry","category-cameroun","category-economie"],"_links":{"self":[{"href":"https:\/\/linitiative.ca\/International\/wp-json\/wp\/v2\/posts\/113347","targetHints":{"allow":["GET"]}}],"collection":[{"href":"https:\/\/linitiative.ca\/International\/wp-json\/wp\/v2\/posts"}],"about":[{"href":"https:\/\/linitiative.ca\/International\/wp-json\/wp\/v2\/types\/post"}],"author":[{"embeddable":true,"href":"https:\/\/linitiative.ca\/International\/wp-json\/wp\/v2\/users\/1969"}],"replies":[{"embeddable":true,"href":"https:\/\/linitiative.ca\/International\/wp-json\/wp\/v2\/comments?post=113347"}],"version-history":[{"count":0,"href":"https:\/\/linitiative.ca\/International\/wp-json\/wp\/v2\/posts\/113347\/revisions"}],"wp:attachment":[{"href":"https:\/\/linitiative.ca\/International\/wp-json\/wp\/v2\/media?parent=113347"}],"wp:term":[{"taxonomy":"category","embeddable":true,"href":"https:\/\/linitiative.ca\/International\/wp-json\/wp\/v2\/categories?post=113347"},{"taxonomy":"post_tag","embeddable":true,"href":"https:\/\/linitiative.ca\/International\/wp-json\/wp\/v2\/tags?post=113347"}],"curies":[{"name":"wp","href":"https:\/\/api.w.org\/{rel}","templated":true}]}}