{"id":113348,"date":"2021-03-18T12:55:01","date_gmt":"2021-03-18T16:55:01","guid":{"rendered":"https:\/\/linitiative.ca\/International\/la-crtv-va-acquerir-des-cartes-telephoniques-de-50-millions-de-f-pour-son-personnel-en-2021\/"},"modified":"2021-03-18T12:55:01","modified_gmt":"2021-03-18T16:55:01","slug":"la-crtv-va-acquerir-des-cartes-telephoniques-de-50-millions-de-f-pour-son-personnel-en-2021","status":"publish","type":"post","link":"https:\/\/linitiative.ca\/International\/la-crtv-va-acquerir-des-cartes-telephoniques-de-50-millions-de-f-pour-son-personnel-en-2021\/","title":{"rendered":"La Crtv va acqu\u00e9rir des cartes t\u00e9l\u00e9phoniques de 50 millions de F pour son personnel en 2021"},"content":{"rendered":"<p>Le Directeur g\u00e9n\u00e9ral de la Cameroon Radio Television (Crtv), Charles Ndongo, r\u00eave d\u00e9cidemment grand pour le personnel de sa structure, et veut lui offrir des conditions de travail optimales pour un rendement efficace. Apr\u00e8s avoir entrepris d\u2019am\u00e9nager une salle de conf\u00e9rence moderne \u00e0 la maison de la radio, et envisager le nettoyage et l\u2019entretien de l\u2019ensemble des structures du r\u00e9seau, il entend acqu\u00e9rir ces cartes t\u00e9l\u00e9phoniques pour l\u2019ensemble de son personnel, pour un co\u00fbt pr\u00e9visionnel de 49\u00a0900\u00a0000 (quarante-neuf millions neuf cent mille Francs CFA).<\/p>\n<p><strong>Lire aussi<\/strong> : <a href=\"https:\/\/ecomatin.net\/la-crtv-va-depenser-112-millions-de-f-pour-lentretien-et-le-nettoyage-de-ses-locaux-a-travers-le-pays\/\">La CRTV va d\u00e9penser 112 millions de F pour l\u2019entretien et le nettoyage de ses locaux \u00e0 travers le pays<\/a><\/p>\n<p>Le media \u00e0 capitaux publics a lanc\u00e9 un avis de consultation pour la demande de cotation en direction des entreprises de droit camerounais pour la fourniture des desdites cartes pour le compte de l\u2019ann\u00e9e 2021. Dans cette annonce qui date du 15 mars 2021, le maitre d\u2019ouvrage qui est la Crtv donne aux entreprises soumissionnaires jusqu\u2019au 13 avril 2021 pour faire parvenir leurs dossiers d\u2019appel d\u2019offre \u00e0 sa direction de l\u2019administration et des affaires financi\u00e8res.\u00a0<em>\u00ab\u00a0<\/em>Le march\u00e9 sera attribu\u00e9 au soumissionnaire dont l\u2019offre qualifi\u00e9e sera la moins-disante apr\u00e8s corrections \u00e9ventuelles des offres financi\u00e8res\u00a0\u00bb<em>,\u00a0<\/em>pr\u00e9cise le media d\u2019Etat.<\/p>\n<p>Ces prestations qui seront ex\u00e9cut\u00e9es pour 20 jours seront financ\u00e9es essentiellement par le budget de la structure pour le compte de l\u2019exercice 2021,\u00a0 lequel s\u2019\u00e9l\u00e8ve \u00e0 pr\u00e8s de 28 milliards de F.<\/p>\n<p><strong>Lire aussi<\/strong> : <a href=\"https:\/\/ecomatin.net\/le-chiffre-daffaires-de-la-crtv-augmente-de-13-en-2019\/\">Le chiffre d\u2019affaires de la CRTV augmente de 13% en 2019<\/a><\/p>\n<p>Pour le compte de l\u2019ann\u00e9e 2021, Charles Ndongo entend faire de la Crtv une institution o\u00f9 il fait bon vivre pour ses collaborateurs. Il a d\u00e9j\u00e0 pr\u00e9vu de d\u00e9penser 112 millions de F pour le nettoyage et l\u2019entretien de l\u2019ensemble des structures centrales et des stations r\u00e9gionales de l\u2019office, et devra \u00e9galement am\u00e9nager la principale salle de conf\u00e9rence de la maison de la radio pour un montant pr\u00e9visionnel de 25 millions de F.<\/p>\n<p>Auteur: Yannick KENNE<br \/>\n<a href=\"https:\/\/ecomatin.net\/la-crtv-va-acquerir-des-cartes-telephoniques-de-50-millions-de-f-pour-son-personnel-en-2021\/\">Cliquez ici pour lire l&rsquo;article depuis sa source.<\/a><\/p>\n","protected":false},"excerpt":{"rendered":"<p>Le Directeur g\u00e9n\u00e9ral de la Cameroon Radio Television (Crtv), Charles Ndongo, r\u00eave d\u00e9cidemment grand pour le personnel de sa structure, et veut lui offrir des conditions de travail optimales pour un rendement efficace. Apr\u00e8s avoir entrepris d\u2019am\u00e9nager une salle de conf\u00e9rence moderne \u00e0 la maison de la radio, et envisager le nettoyage et l\u2019entretien de [&hellip;]<\/p>\n","protected":false},"author":1969,"featured_media":0,"comment_status":"closed","ping_status":"closed","sticky":false,"template":"","format":"standard","meta":{"fifu_image_url":"","fifu_image_alt":"","footnotes":""},"categories":[82,78],"tags":[],"class_list":["post-113348","post","type-post","status-publish","format-standard","hentry","category-cameroun","category-economie"],"_links":{"self":[{"href":"https:\/\/linitiative.ca\/International\/wp-json\/wp\/v2\/posts\/113348","targetHints":{"allow":["GET"]}}],"collection":[{"href":"https:\/\/linitiative.ca\/International\/wp-json\/wp\/v2\/posts"}],"about":[{"href":"https:\/\/linitiative.ca\/International\/wp-json\/wp\/v2\/types\/post"}],"author":[{"embeddable":true,"href":"https:\/\/linitiative.ca\/International\/wp-json\/wp\/v2\/users\/1969"}],"replies":[{"embeddable":true,"href":"https:\/\/linitiative.ca\/International\/wp-json\/wp\/v2\/comments?post=113348"}],"version-history":[{"count":0,"href":"https:\/\/linitiative.ca\/International\/wp-json\/wp\/v2\/posts\/113348\/revisions"}],"wp:attachment":[{"href":"https:\/\/linitiative.ca\/International\/wp-json\/wp\/v2\/media?parent=113348"}],"wp:term":[{"taxonomy":"category","embeddable":true,"href":"https:\/\/linitiative.ca\/International\/wp-json\/wp\/v2\/categories?post=113348"},{"taxonomy":"post_tag","embeddable":true,"href":"https:\/\/linitiative.ca\/International\/wp-json\/wp\/v2\/tags?post=113348"}],"curies":[{"name":"wp","href":"https:\/\/api.w.org\/{rel}","templated":true}]}}