{"id":113349,"date":"2021-03-18T13:02:45","date_gmt":"2021-03-18T17:02:45","guid":{"rendered":"https:\/\/linitiative.ca\/International\/senat-marcel-niat-njifenji-reelu\/"},"modified":"2021-03-18T13:02:45","modified_gmt":"2021-03-18T17:02:45","slug":"senat-marcel-niat-njifenji-reelu","status":"publish","type":"post","link":"https:\/\/linitiative.ca\/International\/senat-marcel-niat-njifenji-reelu\/","title":{"rendered":"S\u00e9nat : Marcel Niat Njifenji r\u00e9\u00e9lu"},"content":{"rendered":"<div class=\"featured-area featured-area-inner\">\n<figure class=\"single-featured-image\">\n<p><img loading=\"lazy\" decoding=\"async\" width=\"507\" height=\"290\" src=\"https:\/\/ecomatin.net\/wp-content\/uploads\/2021\/03\/Marcel-Niat-.jpg\" class=\"attachment-jannah-image-post size-jannah-image-post wp-post-image\" alt=\"\" is_main_img=\"1\" srcset=\"https:\/\/ecomatin.net\/wp-content\/uploads\/2021\/03\/Marcel-Niat-.jpg 507w, https:\/\/ecomatin.net\/wp-content\/uploads\/2021\/03\/Marcel-Niat--300x172.jpg 300w\" sizes=\"auto, (max-width: 507px) 100vw, 507px\"\/><\/p>\n<\/figure>\n<\/div>\n<div class=\"entry-content entry clearfix\" readability=\"48\">\n<p>Statu quo au S\u00e9nat. Malgr\u00e9 un \u00e9tat de sant\u00e9 de plus en plus critique, Marcel Niat Njifenji a \u00e0 nouveau \u00e9t\u00e9 port\u00e9 \u00e0 la t\u00eate de la Chambre Haute du parlement. Il rempile d\u00e8s lors avec 85 voix pour et 8 bulletins nuls. L\u2019ancien Directeur g\u00e9n\u00e9ral de la Soci\u00e9t\u00e9 nationale d\u2019\u00e9lectricit\u00e9 du Cameroun (Sonel) est de fait maintenu par Paul Biya, comme son homologue de l\u2019Assembl\u00e9e nationale. Un choix qui a \u00e9t\u00e9 officiellement annonc\u00e9 aux parlementaires des groupes du Rassemblement d\u00e9mocratique du peuple camerounais ce matin au cours d\u2019une concertation avec le Secr\u00e9taire g\u00e9n\u00e9ral du Comit\u00e9 central.<\/p>\n<p>Cette r\u00e9\u00e9lection intervient alors que le pr\u00e9sident du S\u00e9nat est mal en point. D\u2019ailleurs c\u2019est avec peine qu\u2019il a rejoint le perchoir, \u00e0 l\u2019annonce \u00a0de sa victoire. Une d\u00e9marche p\u00e9nible tout comme son discours de remerciement \u00e0 l\u2019adresse du pr\u00e9sident national du Rdpc Paul Biya. Inaudible. Marcel Niat Njifenji ayant depuis quelques ann\u00e9es du mal \u00e0 articuler et de fait \u00e0 se faire entendre.<\/p>\n<p>Il conserve les r\u00eanes du S\u00e9nat \u00a0sans grande surprise. L\u2019on se rappelle que Marcel Niat Njifenji a interrompu son s\u00e9jour en Europe, pour rejoindre le Cameroun il y a environ un mois. A la veille de la convocation de la session ordinaire du mois de mars 2021.\u00a0<\/p>\n<\/div>\n<p>Auteur: EcoMatin<br \/>\n<a href=\"https:\/\/ecomatin.net\/senat-marcel-niat-njifenji-reelu\/\">Cliquez ici pour lire l&rsquo;article depuis sa source.<\/a><\/p>\n","protected":false},"excerpt":{"rendered":"<p>Statu quo au S\u00e9nat. Malgr\u00e9 un \u00e9tat de sant\u00e9 de plus en plus critique, Marcel Niat Njifenji a \u00e0 nouveau \u00e9t\u00e9 port\u00e9 \u00e0 la t\u00eate de la Chambre Haute du parlement. Il rempile d\u00e8s lors avec 85 voix pour et 8 bulletins nuls. L\u2019ancien Directeur g\u00e9n\u00e9ral de la Soci\u00e9t\u00e9 nationale d\u2019\u00e9lectricit\u00e9 du Cameroun (Sonel) est [&hellip;]<\/p>\n","protected":false},"author":1969,"featured_media":0,"comment_status":"closed","ping_status":"closed","sticky":false,"template":"","format":"standard","meta":{"fifu_image_url":"https:\/\/ecomatin.net\/wp-content\/uploads\/2021\/03\/Marcel-Niat-.jpg","fifu_image_alt":"S\u00e9nat : Marcel Niat Njifenji r\u00e9\u00e9lu","footnotes":""},"categories":[82,78],"tags":[],"class_list":["post-113349","post","type-post","status-publish","format-standard","hentry","category-cameroun","category-economie"],"_links":{"self":[{"href":"https:\/\/linitiative.ca\/International\/wp-json\/wp\/v2\/posts\/113349","targetHints":{"allow":["GET"]}}],"collection":[{"href":"https:\/\/linitiative.ca\/International\/wp-json\/wp\/v2\/posts"}],"about":[{"href":"https:\/\/linitiative.ca\/International\/wp-json\/wp\/v2\/types\/post"}],"author":[{"embeddable":true,"href":"https:\/\/linitiative.ca\/International\/wp-json\/wp\/v2\/users\/1969"}],"replies":[{"embeddable":true,"href":"https:\/\/linitiative.ca\/International\/wp-json\/wp\/v2\/comments?post=113349"}],"version-history":[{"count":0,"href":"https:\/\/linitiative.ca\/International\/wp-json\/wp\/v2\/posts\/113349\/revisions"}],"wp:attachment":[{"href":"https:\/\/linitiative.ca\/International\/wp-json\/wp\/v2\/media?parent=113349"}],"wp:term":[{"taxonomy":"category","embeddable":true,"href":"https:\/\/linitiative.ca\/International\/wp-json\/wp\/v2\/categories?post=113349"},{"taxonomy":"post_tag","embeddable":true,"href":"https:\/\/linitiative.ca\/International\/wp-json\/wp\/v2\/tags?post=113349"}],"curies":[{"name":"wp","href":"https:\/\/api.w.org\/{rel}","templated":true}]}}