{"id":113350,"date":"2021-03-19T09:20:42","date_gmt":"2021-03-19T13:20:42","guid":{"rendered":"https:\/\/linitiative.ca\/International\/projet-de-loi-cadre-relatif-a-la-protection-sociale-les-deputes-donnent-leur-visa\/"},"modified":"2021-03-19T09:20:42","modified_gmt":"2021-03-19T13:20:42","slug":"projet-de-loi-cadre-relatif-a-la-protection-sociale-les-deputes-donnent-leur-visa","status":"publish","type":"post","link":"https:\/\/linitiative.ca\/International\/projet-de-loi-cadre-relatif-a-la-protection-sociale-les-deputes-donnent-leur-visa\/","title":{"rendered":"Projet de loi-cadre relatif \u00e0 la protection sociale : Les d\u00e9put\u00e9s donnent leur visa"},"content":{"rendered":"<figure class=\"post-thumbnail\" itemprop=\"associatedMedia\" itemscope=\"itemscope\" itemtype=\"http:\/\/schema.org\/ImageObject\"><img decoding=\"async\" class=\"post_layout_5_img\" src=\"http:\/\/aujourdhui.ma\/wp-content\/uploads\/2020\/04\/Benchaaboun-Parlement-Maroc.jpg\" alt=\"Projet de loi-cadre relatif \u00e0 la protection sociale : Les d\u00e9put\u00e9s donnent leur visa\"\/><\/figure>\n<p><span class=\"c5\"><strong>La r\u00e9forme de la protection sociale est sur de bons rails.<\/strong><\/span><span id=\"more-371458\"\/><\/p>\n<p>La Chambre des repr\u00e9sentants a approuv\u00e9 lundi en s\u00e9ance pl\u00e9ni\u00e8re, \u00e0 l\u2019unanimit\u00e9, le projet de loi-cadre n\u00b009.21 relatif \u00e0 la protection sociale, en pr\u00e9sence du ministre de l\u2019economie, des finances et de la r\u00e9forme de l\u2019administration, Mohamed Bencha\u00e2boun. Le ministre a rappel\u00e9 que l\u2019objectif de ce projet de loi-cadre est d\u2019am\u00e9liorer l\u2019impact direct de cette protection sociale sur les citoyens \u00e0 m\u00eame de r\u00e9duire la pauvret\u00e9 et la vuln\u00e9rabilit\u00e9, ainsi que de soutenir le pouvoir d\u2019achat des familles. M. Bencha\u00e2boun a rappel\u00e9 que pr\u00e8s de 22 millions de Marocains, dont 11 millions de Ramedistes et 11 millions de professionnels, commer\u00e7ants, agriculteurs, artisans traditionnels et de personnes exer\u00e7ant une activit\u00e9 lib\u00e9rale, b\u00e9n\u00e9ficieront d\u2019une assurance-maladie obligatoire (AMO) avec les m\u00eames services et paniers de soins dont b\u00e9n\u00e9ficient actuellement les travailleurs du secteur priv\u00e9.<\/p>\n<p>L\u2019Etat supportera les droits d\u2019affiliation des 11 millions de Ramedistes, appartenant aux cat\u00e9gories vuln\u00e9rables et pauvres, pour une enveloppe annuelle d\u2019environ 9 milliards de dirhams, soit une augmentation annuelle de 7 MMDH par rapport aux d\u00e9penses li\u00e9es \u00e0 l\u2019achat de m\u00e9dicaments dans le cadre du syst\u00e8me actuel de Ramed, a fait savoir le ministre. Ce dernier a \u00e9galement indiqu\u00e9 que le Maroc est sur le point de mettre en place un projet soci\u00e9tal d\u2019une nature in\u00e9dite, n\u00e9cessitant la mobilisation de pr\u00e8s de 51 milliards DH annuellement, la modification d\u2019un certain nombre de textes l\u00e9gislatifs et r\u00e9glementaires en vigueur et d\u2019en \u00e9laborer d\u2019autres. Parmi les autres mesures importantes figure le lancement d\u2019un ensemble de r\u00e9formes structurelles pour la r\u00e9habilitation du syst\u00e8me de sant\u00e9, ainsi que la r\u00e9forme du syst\u00e8me de compensation afin de rem\u00e9dier aux d\u00e9s\u00e9quilibres au niveau du ciblage des cat\u00e9gories \u00e9ligibles au soutien parall\u00e8lement \u00e0 la mise en \u0153uvre du registre social unifi\u00e9. Comme l\u2019a signal\u00e9 le ministre, le succ\u00e8s de ce chantier d\u2019envergure n\u00e9cessite la mobilisation et l\u2019implication de tous les acteurs, y compris le citoyen. Ce projet permettra ainsi de diminuer le gap entre l\u2019actuel r\u00e9gime de la protection sociale et les normes adopt\u00e9es \u00e0 l\u2019\u00e9chelle internationale en la mati\u00e8re.<\/p>\n<p>La crise sanitaire li\u00e9e \u00e0 la pand\u00e9mie du Covid-19 a d\u00e9montr\u00e9 l\u2019urgente n\u00e9cessit\u00e9 d\u2019acc\u00e9l\u00e9rer la r\u00e9alisation en vue de r\u00e9ussir la transition vers des solutions structurelles aux dysfonctionnements dont souffrent certaines cat\u00e9gories et zones. Ainsi, l\u2019am\u00e9lioration de la protection sociale repose essentiellement sur la concr\u00e9tisation de la s\u00e9curit\u00e9 sociale, la promotion de la coh\u00e9sion et la justice sociales, la structuration du march\u00e9 de travail ainsi que la lutte contre la pauvret\u00e9, la vuln\u00e9rabilit\u00e9 et l\u2019exclusion dans la perspective de permettre \u00e0 l\u2019Etat de faire face aux \u00e9ventuelles crises \u00e9conomiques et sociales.<\/p>\n<p>Auteur: ALM<br \/>\n<a href=\"https:\/\/aujourdhui.ma\/societe\/projet-de-loi-cadre-relatif-a-la-protection-sociale-les-deputes-donnent-leur-visa\">Cliquez ici pour lire l&rsquo;article depuis sa source.<\/a><\/p>\n","protected":false},"excerpt":{"rendered":"<p>La r\u00e9forme de la protection sociale est sur de bons rails. La Chambre des repr\u00e9sentants a approuv\u00e9 lundi en s\u00e9ance pl\u00e9ni\u00e8re, \u00e0 l\u2019unanimit\u00e9, le projet de loi-cadre n\u00b009.21 relatif \u00e0 la protection sociale, en pr\u00e9sence du ministre de l\u2019economie, des finances et de la r\u00e9forme de l\u2019administration, Mohamed Bencha\u00e2boun. Le ministre a rappel\u00e9 que l\u2019objectif [&hellip;]<\/p>\n","protected":false},"author":1759,"featured_media":0,"comment_status":"closed","ping_status":"closed","sticky":false,"template":"","format":"standard","meta":{"fifu_image_url":"http:\/\/aujourdhui.ma\/wp-content\/uploads\/2020\/04\/Benchaaboun-Parlement-Maroc.jpg","fifu_image_alt":"Projet de loi-cadre relatif \u00e0 la protection sociale : Les d\u00e9put\u00e9s donnent leur visa","footnotes":""},"categories":[73,54],"tags":[],"class_list":["post-113350","post","type-post","status-publish","format-standard","hentry","category-actualite","category-maroc"],"_links":{"self":[{"href":"https:\/\/linitiative.ca\/International\/wp-json\/wp\/v2\/posts\/113350","targetHints":{"allow":["GET"]}}],"collection":[{"href":"https:\/\/linitiative.ca\/International\/wp-json\/wp\/v2\/posts"}],"about":[{"href":"https:\/\/linitiative.ca\/International\/wp-json\/wp\/v2\/types\/post"}],"author":[{"embeddable":true,"href":"https:\/\/linitiative.ca\/International\/wp-json\/wp\/v2\/users\/1759"}],"replies":[{"embeddable":true,"href":"https:\/\/linitiative.ca\/International\/wp-json\/wp\/v2\/comments?post=113350"}],"version-history":[{"count":0,"href":"https:\/\/linitiative.ca\/International\/wp-json\/wp\/v2\/posts\/113350\/revisions"}],"wp:attachment":[{"href":"https:\/\/linitiative.ca\/International\/wp-json\/wp\/v2\/media?parent=113350"}],"wp:term":[{"taxonomy":"category","embeddable":true,"href":"https:\/\/linitiative.ca\/International\/wp-json\/wp\/v2\/categories?post=113350"},{"taxonomy":"post_tag","embeddable":true,"href":"https:\/\/linitiative.ca\/International\/wp-json\/wp\/v2\/tags?post=113350"}],"curies":[{"name":"wp","href":"https:\/\/api.w.org\/{rel}","templated":true}]}}