{"id":113351,"date":"2021-03-19T10:20:44","date_gmt":"2021-03-19T14:20:44","guid":{"rendered":"https:\/\/linitiative.ca\/International\/lunfpa-dresse-le-bilan-de-loperation-salama-au-travail\/"},"modified":"2021-03-19T10:20:44","modified_gmt":"2021-03-19T14:20:44","slug":"lunfpa-dresse-le-bilan-de-loperation-salama-au-travail","status":"publish","type":"post","link":"https:\/\/linitiative.ca\/International\/lunfpa-dresse-le-bilan-de-loperation-salama-au-travail\/","title":{"rendered":"L\u2019UNFPA dresse le bilan de l\u2019op\u00e9ration \u00abSalama au travail\u00bb"},"content":{"rendered":"<header>\n<\/header>\n<div class=\"entry-content clearfix\" readability=\"58\">\n<figure class=\"post-thumbnail\" itemprop=\"associatedMedia\" itemscope=\"itemscope\" itemtype=\"http:\/\/schema.org\/ImageObject\"><img decoding=\"async\" class=\"post_layout_5_img\" src=\"http:\/\/aujourdhui.ma\/wp-content\/uploads\/2020\/02\/UNFPA.jpg\" alt=\"L\u2019UNFPA dresse le bilan de l\u2019op\u00e9ration \u00abSalama au travail\u00bb\"\/><\/figure>\n<p><span class=\"c5\"><strong>Cette initiative a permis de soutenir pr\u00e8s de 3200 femmes<\/strong><\/span><span id=\"more-371459\"\/><\/p>\n<p>Le Fonds des Nations Unies pour la population (UNFPA) au Maroc a pr\u00e9sent\u00e9 lors d\u2019une rencontre le bilan de l\u2019op\u00e9ration \u00abSalama au travail\u00bb. Rappelons que cette op\u00e9ration a \u00e9t\u00e9 lanc\u00e9e le 30 juin 2020 pour r\u00e9pondre \u00e0 la p\u00e9riode de sortie du confinement en milieu du travail, en mettant l\u2019accent sur la participation de la femme, actrice cl\u00e9 de d\u00e9veloppement. Cette initiative a \u00e9t\u00e9 conduite dans la totalit\u00e9 des 25 provinces et pr\u00e9fectures des R\u00e9gions de Tanger-T\u00e9touan-Al Hoceima, de F\u00e8s-Mekn\u00e8s et de Marrakech-Safi. Cette op\u00e9ration a ainsi permis de sensibiliser, prot\u00e9ger et soutenir pr\u00e8s de 3200 femmes dans 250 entreprises industrielles et coop\u00e9ratives artisanales et agricoles. \u00abSalama au travail\u00bb a touch\u00e9 par-l\u00e0 plus de 100.000 personnes de leur entourage proche.<\/p>\n<p>Selon l\u2019UNFPA, ces femmes ont aussi particip\u00e9 elles-m\u00eames \u00e0 la production de plus de 18.000 produits et mat\u00e9riels de protection individuelle contre le Covid-19, g\u00e9n\u00e9rant un chiffre d\u2019affaire de plus de 162.000 dirhams. Par ailleurs, les capacit\u00e9s de 80 femmes leaders ont \u00e9t\u00e9 renforc\u00e9es pour conduire des s\u00e9ances de sensibilisation aupr\u00e8s de leurs coll\u00e8gues membres des coop\u00e9ratives rurales ainsi que de leurs communaut\u00e9s. \u00abSalama au travail\u00bb a aussi permis la cr\u00e9ation d\u2019un espace r\u00e9gional concert\u00e9 de r\u00e9flexion et d\u2019appui au retour \u00e0 l\u2019emploi digne des jeunes et des femmes en situation de vuln\u00e9rabilit\u00e9 en partenariat avec les institutions publiques et chambres professionnelles repr\u00e9sentatives du tissu industriel et commercial de la r\u00e9gion de Tanger-T\u00e9touan-Al Hoceima. Ce forum r\u00e9unit plusieurs acteurs du secteur priv\u00e9 et public pour coordonner des r\u00e9ponses concert\u00e9es permettant de garantir l\u2019acc\u00e8s au droit \u00e0 l\u2019emploi des populations vuln\u00e9rables dans des conditions dignes et de protection sociale.<\/p>\n<p>Pour rappel, cette op\u00e9ration a \u00e9t\u00e9 mise en \u0153uvre en \u00e9troite collaboration avec les wilayas, les conseils r\u00e9gionaux, les chambres r\u00e9gionales d\u2019artisanat et d\u2019agriculture ainsi qu\u2019avec des actrices du d\u00e9veloppement. L\u2019op\u00e9ration a aussi b\u00e9n\u00e9fici\u00e9 de l\u2019appui du Club des Entrepreneurs Espagnols au Maroc, de la Conf\u00e9d\u00e9ration g\u00e9n\u00e9rale des entreprises du Maroc (CGEM) et de l\u2019Association des femmes chefs d\u2019entreprise du Maroc (AFEM) au niveau de la r\u00e9gion de Tanger-T\u00e9touan-Al Hoceima.<\/p>\n<\/div>\n<p>Auteur: ALM<br \/>\n<a href=\"https:\/\/aujourdhui.ma\/societe\/lunfpa-dresse-le-bilan-de-loperation-salama-au-travail\">Cliquez ici pour lire l&rsquo;article depuis sa source.<\/a><\/p>\n","protected":false},"excerpt":{"rendered":"<p>Cette initiative a permis de soutenir pr\u00e8s de 3200 femmes Le Fonds des Nations Unies pour la population (UNFPA) au Maroc a pr\u00e9sent\u00e9 lors d\u2019une rencontre le bilan de l\u2019op\u00e9ration \u00abSalama au travail\u00bb. Rappelons que cette op\u00e9ration a \u00e9t\u00e9 lanc\u00e9e le 30 juin 2020 pour r\u00e9pondre \u00e0 la p\u00e9riode de sortie du confinement en milieu [&hellip;]<\/p>\n","protected":false},"author":1759,"featured_media":0,"comment_status":"closed","ping_status":"closed","sticky":false,"template":"","format":"standard","meta":{"fifu_image_url":"http:\/\/aujourdhui.ma\/wp-content\/uploads\/2020\/02\/UNFPA.jpg","fifu_image_alt":"L\u2019UNFPA dresse le bilan de l\u2019op\u00e9ration \u00abSalama au travail\u00bb","footnotes":""},"categories":[73,54],"tags":[],"class_list":["post-113351","post","type-post","status-publish","format-standard","hentry","category-actualite","category-maroc"],"_links":{"self":[{"href":"https:\/\/linitiative.ca\/International\/wp-json\/wp\/v2\/posts\/113351","targetHints":{"allow":["GET"]}}],"collection":[{"href":"https:\/\/linitiative.ca\/International\/wp-json\/wp\/v2\/posts"}],"about":[{"href":"https:\/\/linitiative.ca\/International\/wp-json\/wp\/v2\/types\/post"}],"author":[{"embeddable":true,"href":"https:\/\/linitiative.ca\/International\/wp-json\/wp\/v2\/users\/1759"}],"replies":[{"embeddable":true,"href":"https:\/\/linitiative.ca\/International\/wp-json\/wp\/v2\/comments?post=113351"}],"version-history":[{"count":0,"href":"https:\/\/linitiative.ca\/International\/wp-json\/wp\/v2\/posts\/113351\/revisions"}],"wp:attachment":[{"href":"https:\/\/linitiative.ca\/International\/wp-json\/wp\/v2\/media?parent=113351"}],"wp:term":[{"taxonomy":"category","embeddable":true,"href":"https:\/\/linitiative.ca\/International\/wp-json\/wp\/v2\/categories?post=113351"},{"taxonomy":"post_tag","embeddable":true,"href":"https:\/\/linitiative.ca\/International\/wp-json\/wp\/v2\/tags?post=113351"}],"curies":[{"name":"wp","href":"https:\/\/api.w.org\/{rel}","templated":true}]}}