{"id":113352,"date":"2021-03-19T10:40:50","date_gmt":"2021-03-19T14:40:50","guid":{"rendered":"https:\/\/linitiative.ca\/International\/le-trafic-aerien-chute-de-7324-a-fin-fevrier\/"},"modified":"2021-03-19T10:40:50","modified_gmt":"2021-03-19T14:40:50","slug":"le-trafic-aerien-chute-de-7324-a-fin-fevrier","status":"publish","type":"post","link":"https:\/\/linitiative.ca\/International\/le-trafic-aerien-chute-de-7324-a-fin-fevrier\/","title":{"rendered":"Le trafic a\u00e9rien chute de 73,24% \u00e0 fin f\u00e9vrier"},"content":{"rendered":"<figure class=\"post-thumbnail\" itemprop=\"associatedMedia\" itemscope=\"itemscope\" itemtype=\"http:\/\/schema.org\/ImageObject\"><img decoding=\"async\" class=\"post_layout_5_img\" src=\"http:\/\/aujourdhui.ma\/wp-content\/uploads\/2018\/09\/aeroport-trafic.jpg\" alt=\"Le trafic a\u00e9rien chute de 73,24% \u00e0 fin f\u00e9vrier\"\/><\/figure>\n<p><span class=\"c5\"><strong>Les a\u00e9roports marocains ont accueilli 1.063.224 passagers au titre des deux premiers mois de cette ann\u00e9e, en chute de 73,24% par rapport \u00e0 fin f\u00e9vrier 2020, selon l\u2019Office national des a\u00e9roports (ONDA).<\/strong><\/span><br \/><span id=\"more-371525\"\/><\/p>\n<p>L\u2019a\u00e9roport Mohammed V a enregistr\u00e9 520.613 passagers, en baisse de 67,25%, suivi de Marrakech (105.378), de Tanger (94.703) et de Nador (64.994), pr\u00e9cise l\u2019ONDA dans un communiqu\u00e9.<\/p>\n<p>Pour le seul mois de f\u00e9vrier, le trafic a\u00e9rien a diminu\u00e9 de 78,47% \u00e0 420.384 passagers. L\u2019a\u00e9roport Mohammed V a accueilli 211.800 passagers (-71,29%), tandis que celui de Tanger Ibn Battouta, qui occupe la 2\u00e8me place en termes du nombre de passagers, a accus\u00e9 un repli de 63,77% \u00e0 37.969 passagers, fait savoir la m\u00eame source.<br \/>Avec 102.899 passagers accueillis, le trafic a\u00e9rien domestique a enregistr\u00e9 un recul de l\u2019ordre de 55,98%, rel\u00e8ve l\u2019ONDA.<\/p>\n<p>C\u00f4t\u00e9 international, le trafic, qui repr\u00e9sente 75,52% du trafic global, a enregistr\u00e9 317.485 passagers en f\u00e9vrier dernier. Ce r\u00e9sultat concerne tous les march\u00e9s, notamment celui de l\u2019Europe qui repr\u00e9sente plus de 77% environ du trafic a\u00e9rien global, avec une r\u00e9gression de 82,74%.<br \/>Par ailleurs, l\u2019ONDA a fait \u00e9tat de 5.314 mouvements d\u2019avions en f\u00e9vrier 2021, en baisse de 67,25%. La part de l\u2019a\u00e9roport Mohammed V est de 48,63% de ce trafic, Tanger Ibn Battouta (10,97%) et Marrakech Menara (9,13%).<\/p>\n<p>Le fret a\u00e9rien, lui, a enregistr\u00e9 au cours de f\u00e9vrier 2021 une diminution de 35,06% \u00e0 5.429,41 tonnes.<\/p>\n<p>Auteur: ALM<br \/>\n<a href=\"https:\/\/aujourdhui.ma\/economie\/le-trafic-aerien-chute-de-7324-a-fin-fevrier\">Cliquez ici pour lire l&rsquo;article depuis sa source.<\/a><\/p>\n","protected":false},"excerpt":{"rendered":"<p>Les a\u00e9roports marocains ont accueilli 1.063.224 passagers au titre des deux premiers mois de cette ann\u00e9e, en chute de 73,24% par rapport \u00e0 fin f\u00e9vrier 2020, selon l\u2019Office national des a\u00e9roports (ONDA). L\u2019a\u00e9roport Mohammed V a enregistr\u00e9 520.613 passagers, en baisse de 67,25%, suivi de Marrakech (105.378), de Tanger (94.703) et de Nador (64.994), pr\u00e9cise [&hellip;]<\/p>\n","protected":false},"author":1759,"featured_media":0,"comment_status":"closed","ping_status":"closed","sticky":false,"template":"","format":"standard","meta":{"fifu_image_url":"http:\/\/aujourdhui.ma\/wp-content\/uploads\/2018\/09\/aeroport-trafic.jpg","fifu_image_alt":"Le trafic a\u00e9rien chute de 73,24% \u00e0 fin f\u00e9vrier","footnotes":""},"categories":[73,54],"tags":[],"class_list":["post-113352","post","type-post","status-publish","format-standard","hentry","category-actualite","category-maroc"],"_links":{"self":[{"href":"https:\/\/linitiative.ca\/International\/wp-json\/wp\/v2\/posts\/113352","targetHints":{"allow":["GET"]}}],"collection":[{"href":"https:\/\/linitiative.ca\/International\/wp-json\/wp\/v2\/posts"}],"about":[{"href":"https:\/\/linitiative.ca\/International\/wp-json\/wp\/v2\/types\/post"}],"author":[{"embeddable":true,"href":"https:\/\/linitiative.ca\/International\/wp-json\/wp\/v2\/users\/1759"}],"replies":[{"embeddable":true,"href":"https:\/\/linitiative.ca\/International\/wp-json\/wp\/v2\/comments?post=113352"}],"version-history":[{"count":0,"href":"https:\/\/linitiative.ca\/International\/wp-json\/wp\/v2\/posts\/113352\/revisions"}],"wp:attachment":[{"href":"https:\/\/linitiative.ca\/International\/wp-json\/wp\/v2\/media?parent=113352"}],"wp:term":[{"taxonomy":"category","embeddable":true,"href":"https:\/\/linitiative.ca\/International\/wp-json\/wp\/v2\/categories?post=113352"},{"taxonomy":"post_tag","embeddable":true,"href":"https:\/\/linitiative.ca\/International\/wp-json\/wp\/v2\/tags?post=113352"}],"curies":[{"name":"wp","href":"https:\/\/api.w.org\/{rel}","templated":true}]}}