{"id":113353,"date":"2021-03-19T11:18:17","date_gmt":"2021-03-19T15:18:17","guid":{"rendered":"https:\/\/linitiative.ca\/International\/7eme-edition-de-la-semaine-des-classes-deau-un-total-de-424-eleves-ruraux-de-settat-sensibilises-sur-la-ressource-rare\/"},"modified":"2021-03-19T11:18:17","modified_gmt":"2021-03-19T15:18:17","slug":"7eme-edition-de-la-semaine-des-classes-deau-un-total-de-424-eleves-ruraux-de-settat-sensibilises-sur-la-ressource-rare","status":"publish","type":"post","link":"https:\/\/linitiative.ca\/International\/7eme-edition-de-la-semaine-des-classes-deau-un-total-de-424-eleves-ruraux-de-settat-sensibilises-sur-la-ressource-rare\/","title":{"rendered":"7\u00e8me \u00e9dition de la Semaine des classes d\u2019eau: Un total de 424 \u00e9l\u00e8ves ruraux de Settat sensibilis\u00e9s sur la ressource rare"},"content":{"rendered":"<figure class=\"post-thumbnail\" itemprop=\"associatedMedia\" itemscope=\"itemscope\" itemtype=\"http:\/\/schema.org\/ImageObject\"><img decoding=\"async\" class=\"post_layout_5_img\" src=\"https:\/\/aujourdhui.ma\/wp-content\/uploads\/2021\/03\/Enfants-la-Semaine-des-classes-deau.jpg\" alt=\"7\u00e8me \u00e9dition de la Semaine des classes d\u2019eau: Un total de 424 \u00e9l\u00e8ves ruraux de Settat sensibilis\u00e9s sur la ressource rare\"\/><\/figure>\n<p><span class=\"c5\"><strong>La semaine de classes d\u2019eau est d\u00e9j\u00e0 \u00e0 sa 7\u00e9me \u00e9dition. Du 22 au 26 mars, cette manifestation se tiendra au sein du groupe scolaire \u00ab Al Aounat \u00bb, (commune rurale de Ras El Ain) en partenariat avec la Direction Provinciale de l\u2019Education Nationale de Settat et l\u2019association des parents d\u2019\u00e9l\u00e8ves du m\u00eame groupe scolaire.<\/strong><\/span> <span id=\"more-371532\"\/><\/p>\n<p>Un \u00e9v\u00e9nement qui, selon l\u2019Agence du Bassin Hydraulique du Bouregreg et de la Chaouia (ABHBC), rentre dans le cadre d\u2019un \u00ab projet pour la sensibilisation des enfants \u00e0 la ressource rare qu\u2019est ce liquide bleu, indispensable \u00e0 la vie \u00bb.<\/p>\n<p>En d\u00e9tail, le groupe scolaire \u00ab Al Aounat \u00bb,de la commune rurale de Ras El Ain \u00e0 Settat qui b\u00e9n\u00e9ficiera de cette \u00e9dition comprend trois autres annexes \u00e0 savoir Ouled Rio, Lahmaouda, Ouled El Amri avec un total d\u2019 \u00e9l\u00e8ves de 424 dont 217 gar\u00e7ons et 207 filles, le nombre total des enseignants est de 24 dont 13 femmes<\/p>\n<p>Initi\u00e9 depuis 2014, ce dispositif permet aux futures g\u00e9n\u00e9rations de mieux comprendre la th\u00e9matique d\u2019une mani\u00e8re ludique et p\u00e9dagogique et de conna\u00eetre les r\u00f4les de chacun dans la pr\u00e9servation. Cette ann\u00e9e, cet \u00e9v\u00e9nement c\u00e9l\u00e9br\u00e9, \u00e0 l\u2019occasion de la journ\u00e9e mondiale de l\u2019eau, se tiendra sous le th\u00e8me \u00a0\u00bb la place de l\u2019eau dans nos soci\u00e9t\u00e9s et comment la prot\u00e9ger\u00a0\u00bb.<\/p>\n<p>Au programme, des ateliers en classe, un module \u00e9ducation, des sorties et des visites de terrain (barrage Tamesna et Station de traitement de l\u2019 eau potable, Station d\u2019\u00e9puration de Ben Ahmed, R\u00e9servoir d\u2019eau de Ras Al Ain), des ateliers d\u2019implantations d\u2019arbres ainsi que des interventions des acteurs de l\u2019eau visant \u00e0 \u00e9clairer les nombreuses facettes de l\u2019eau et r\u00e9pondre aux diff\u00e9rentes questions des \u00e9coliers. \u00ab C\u2019est \u00e0 travers les enfants que se fera la sensibilisation \u00e0 la pr\u00e9servation des ressources en eau et la rationalisation de son utilisation.<\/p>\n<p>En effet, en ciblant les enfants, ce sont autant de familles qui seront sensibilis\u00e9es \u00e0 la pr\u00e9servation de l\u2019eau. Et c\u2019est le principe m\u00eame du programme p\u00e9dagogique de la Semaine des classes d\u2019eau \u00bb, d\u00e9taille l\u2019agence initiatrice. \u00c0 travers cette action, l\u2019ABHBC s\u2019inscrit parfaitement dans la finalit\u00e9 du Programme Prioritaire National d\u2019Approvisionnement en Eau Potable et d\u2019Irrigation 20\/27, principalement son axe portant sur le renforcement de la conscience li\u00e9e \u00e0 l\u2019importance de la pr\u00e9servation des ressources en eau et la rationalisation de son utilisation. En 7 ans et depuis le lancement de l\u2019initiative, ce sont pr\u00e8s de 1.200 enfants de 9 \u00e0 11 ans -CE5 et CE6- qui ont b\u00e9n\u00e9fici\u00e9 de ces programmes, soit 200 \u00e9l\u00e8ves par an en favorisant de mani\u00e8re d\u00e9lib\u00e9r\u00e9e les zones rurales dans le cadre de son p\u00e9rim\u00e8tre d\u2019action.<\/p>\n<p>Auteur: ALM<br \/>\n<a href=\"https:\/\/aujourdhui.ma\/societe\/7eme-edition-de-la-semaine-des-classes-deau-un-total-de-424-eleves-ruraux-de-settat-sensibilises-sur-la-ressource-rare\">Cliquez ici pour lire l&rsquo;article depuis sa source.<\/a><\/p>\n","protected":false},"excerpt":{"rendered":"<p>La semaine de classes d\u2019eau est d\u00e9j\u00e0 \u00e0 sa 7\u00e9me \u00e9dition. Du 22 au 26 mars, cette manifestation se tiendra au sein du groupe scolaire \u00ab Al Aounat \u00bb, (commune rurale de Ras El Ain) en partenariat avec la Direction Provinciale de l\u2019Education Nationale de Settat et l\u2019association des parents d\u2019\u00e9l\u00e8ves du m\u00eame groupe scolaire. [&hellip;]<\/p>\n","protected":false},"author":1759,"featured_media":0,"comment_status":"closed","ping_status":"closed","sticky":false,"template":"","format":"standard","meta":{"fifu_image_url":"https:\/\/aujourdhui.ma\/wp-content\/uploads\/2021\/03\/Enfants-la-Semaine-des-classes-deau.jpg","fifu_image_alt":"7\u00e8me \u00e9dition de la Semaine des classes d\u2019eau: Un total de 424 \u00e9l\u00e8ves ruraux de Settat sensibilis\u00e9s sur la ressource rare","footnotes":""},"categories":[73,54],"tags":[],"class_list":["post-113353","post","type-post","status-publish","format-standard","hentry","category-actualite","category-maroc"],"_links":{"self":[{"href":"https:\/\/linitiative.ca\/International\/wp-json\/wp\/v2\/posts\/113353","targetHints":{"allow":["GET"]}}],"collection":[{"href":"https:\/\/linitiative.ca\/International\/wp-json\/wp\/v2\/posts"}],"about":[{"href":"https:\/\/linitiative.ca\/International\/wp-json\/wp\/v2\/types\/post"}],"author":[{"embeddable":true,"href":"https:\/\/linitiative.ca\/International\/wp-json\/wp\/v2\/users\/1759"}],"replies":[{"embeddable":true,"href":"https:\/\/linitiative.ca\/International\/wp-json\/wp\/v2\/comments?post=113353"}],"version-history":[{"count":0,"href":"https:\/\/linitiative.ca\/International\/wp-json\/wp\/v2\/posts\/113353\/revisions"}],"wp:attachment":[{"href":"https:\/\/linitiative.ca\/International\/wp-json\/wp\/v2\/media?parent=113353"}],"wp:term":[{"taxonomy":"category","embeddable":true,"href":"https:\/\/linitiative.ca\/International\/wp-json\/wp\/v2\/categories?post=113353"},{"taxonomy":"post_tag","embeddable":true,"href":"https:\/\/linitiative.ca\/International\/wp-json\/wp\/v2\/tags?post=113353"}],"curies":[{"name":"wp","href":"https:\/\/api.w.org\/{rel}","templated":true}]}}