{"id":113354,"date":"2021-03-19T11:20:00","date_gmt":"2021-03-19T15:20:00","guid":{"rendered":"https:\/\/linitiative.ca\/International\/el-jadida-pour-avoir-tue-son-employeur-un-sourd-muet-condamne-a-10-ans-de-prison\/"},"modified":"2021-03-19T11:20:00","modified_gmt":"2021-03-19T15:20:00","slug":"el-jadida-pour-avoir-tue-son-employeur-un-sourd-muet-condamne-a-10-ans-de-prison","status":"publish","type":"post","link":"https:\/\/linitiative.ca\/International\/el-jadida-pour-avoir-tue-son-employeur-un-sourd-muet-condamne-a-10-ans-de-prison\/","title":{"rendered":"El Jadida : Pour avoir tu\u00e9 son employeur, un sourd-muet condamn\u00e9 \u00e0 10 ans de prison"},"content":{"rendered":"<figure class=\"post-thumbnail\" itemprop=\"associatedMedia\" itemscope=\"itemscope\" itemtype=\"http:\/\/schema.org\/ImageObject\"><img decoding=\"async\" class=\"post_layout_5_img\" src=\"http:\/\/aujourdhui.ma\/wp-content\/uploads\/2016\/02\/Maroc-couteau-tueur.jpg\" alt=\"El Jadida : Pour avoir tu\u00e9 son employeur, un sourd-muet condamn\u00e9 \u00e0 10 ans de prison\"\/><\/figure>\n<p><span class=\"c5\"><strong>Nous sommes \u00e0 la chambre criminelle pr\u00e8s la Cour d\u2019appel d\u2019El Jadida.<\/strong><\/span><span id=\"more-371509\"\/><\/p>\n<p>Au banc des accus\u00e9s, se tenait, mardi 16 mars, un jeune homme poursuivi, en \u00e9tat d\u2019arrestation, pour homicide volontaire. Il ne s\u2019agissait pas de la premi\u00e8re audience consacr\u00e9e \u00e0 son affaire de meurtre, mais la \u00e9ni\u00e8me. Vu qu\u2019il est sourd-muet et son interrogatoire n\u00e9cessite un interpr\u00e8te en langue des signes, la Cour avait report\u00e9 \u00e0 maintes reprises l\u2019examen de cette affaire. Mais, ce serait la derni\u00e8re puisque l\u2019interpr\u00e8te s\u2019est pr\u00e9sent\u00e9, cette fois-ci, devant la Cour pour se charger de sa mission. En effet, il a perp\u00e9tr\u00e9 ce meurtre, au d\u00e9but de l\u2019apr\u00e8s-midi du dimanche 30 juin 2019, dans une ferme agricole situ\u00e9e au douar Ouled Nasser relevant de la commune rurale La\u00e2tatra, dans la province de Sidi Bennour. Pour gagner sa vie dignement et subvenir aux besoins de sa famille, ce jeune homme y travaillait contre une somme de cent dirhams.<\/p>\n<p>Mais, son employeur a refus\u00e9, ce jour, de lui en verser. Pourquoi ? Pas d\u2019explication. Evidemment, n\u2019ayant pas les mots pour s\u2019exprimer, il se contentait de crier pour r\u00e9clamer son salaire. Mais en vain. Pris d\u2019une hyst\u00e9rie, le jeune homme n\u2019arrivait pas \u00e0 tenir ses nerfs. Pire encore, il s\u2019est arm\u00e9 d\u2019un couteau, a avanc\u00e9 vers son employeur pour lui ass\u00e9ner quelques coups et il a pris la fuite. Son employeur, qui a pousser un cri strident, s\u2019est effondr\u00e9 par terre, gisant dans une mare de sang. En moins de quelques secondes, il est pass\u00e9 de vie \u00e0 tr\u00e9pas. Les \u00e9l\u00e9ments de la gendarmerie royale se sont d\u00e9p\u00each\u00e9s sur la sc\u00e8ne du crime et sont arriv\u00e9s \u00e0 arr\u00eater le mis en cause alors qu\u2019il s\u2019appr\u00eatait \u00e0 quitter Sidi Bennour.<\/p>\n<p>Verdict : Rejetant l\u2019accusation d\u2019homicide volontaire, la Cour l\u2019a jug\u00e9 coupable pour coups et blessures ayant entra\u00een\u00e9 la mort sans l\u2019intention de la donner et a consid\u00e9r\u00e9 qu\u2019il m\u00e9rite de b\u00e9n\u00e9ficier des circonstances att\u00e9nuantes pour le condamner \u00e0 dix ans de r\u00e9clusion criminelle.<\/p>\n<p>Auteur: Abderrafii ALOUMLIKI<br \/>\n<a href=\"https:\/\/aujourdhui.ma\/faits-divers\/el-jadida-pour-avoir-tue-son-employeur-un-sourd-muet-condamne-a-10-ans-de-prison\">Cliquez ici pour lire l&rsquo;article depuis sa source.<\/a><\/p>\n","protected":false},"excerpt":{"rendered":"<p>Nous sommes \u00e0 la chambre criminelle pr\u00e8s la Cour d\u2019appel d\u2019El Jadida. Au banc des accus\u00e9s, se tenait, mardi 16 mars, un jeune homme poursuivi, en \u00e9tat d\u2019arrestation, pour homicide volontaire. Il ne s\u2019agissait pas de la premi\u00e8re audience consacr\u00e9e \u00e0 son affaire de meurtre, mais la \u00e9ni\u00e8me. Vu qu\u2019il est sourd-muet et son interrogatoire [&hellip;]<\/p>\n","protected":false},"author":1759,"featured_media":0,"comment_status":"closed","ping_status":"closed","sticky":false,"template":"","format":"standard","meta":{"fifu_image_url":"http:\/\/aujourdhui.ma\/wp-content\/uploads\/2016\/02\/Maroc-couteau-tueur.jpg","fifu_image_alt":"El Jadida : Pour avoir tu\u00e9 son employeur, un sourd-muet condamn\u00e9 \u00e0 10 ans de prison","footnotes":""},"categories":[73,54],"tags":[],"class_list":["post-113354","post","type-post","status-publish","format-standard","hentry","category-actualite","category-maroc"],"_links":{"self":[{"href":"https:\/\/linitiative.ca\/International\/wp-json\/wp\/v2\/posts\/113354","targetHints":{"allow":["GET"]}}],"collection":[{"href":"https:\/\/linitiative.ca\/International\/wp-json\/wp\/v2\/posts"}],"about":[{"href":"https:\/\/linitiative.ca\/International\/wp-json\/wp\/v2\/types\/post"}],"author":[{"embeddable":true,"href":"https:\/\/linitiative.ca\/International\/wp-json\/wp\/v2\/users\/1759"}],"replies":[{"embeddable":true,"href":"https:\/\/linitiative.ca\/International\/wp-json\/wp\/v2\/comments?post=113354"}],"version-history":[{"count":0,"href":"https:\/\/linitiative.ca\/International\/wp-json\/wp\/v2\/posts\/113354\/revisions"}],"wp:attachment":[{"href":"https:\/\/linitiative.ca\/International\/wp-json\/wp\/v2\/media?parent=113354"}],"wp:term":[{"taxonomy":"category","embeddable":true,"href":"https:\/\/linitiative.ca\/International\/wp-json\/wp\/v2\/categories?post=113354"},{"taxonomy":"post_tag","embeddable":true,"href":"https:\/\/linitiative.ca\/International\/wp-json\/wp\/v2\/tags?post=113354"}],"curies":[{"name":"wp","href":"https:\/\/api.w.org\/{rel}","templated":true}]}}