{"id":113358,"date":"2021-03-18T14:00:59","date_gmt":"2021-03-18T18:00:59","guid":{"rendered":"https:\/\/linitiative.ca\/International\/%ef%bb%bfvahid-halilhodzic-devoile-la-liste-des-joueurs-retenus\/"},"modified":"2021-03-18T14:00:59","modified_gmt":"2021-03-18T18:00:59","slug":"%ef%bb%bfvahid-halilhodzic-devoile-la-liste-des-joueurs-retenus","status":"publish","type":"post","link":"https:\/\/linitiative.ca\/International\/%ef%bb%bfvahid-halilhodzic-devoile-la-liste-des-joueurs-retenus\/","title":{"rendered":"\ufeffVahid Halilhodzic d\u00e9voile la liste des joueurs retenus"},"content":{"rendered":"<p class=\"has-text-color has-vivid-red-color c1\"><strong>\u00c9liminatoires CAN-2021 (5\u00e8 et 6\u00e8 journ\u00e9e)<\/strong><\/p>\n<p><strong>Le s\u00e9lectionneur national Vahid Halilhodzic a d\u00e9voil\u00e9, jeudi \u00e0 Sal\u00e9, la liste des joueurs retenus pour disputer les prochains matchs des \u00e9liminatoires de la Coupe d\u2019Afrique des Nations (CAN-2021).<\/strong><\/p>\n<p>Lors d\u2019une conf\u00e9rence de presse tenue au Centre Mohammed VI de football de Maamoura, le s\u00e9lectionneur a expliqu\u00e9 ses choix port\u00e9s sur les 24 joueurs qui prendront part aux deux rencontres comptant pour les 5\u00e8 et 6\u00e8 journ\u00e9es des \u00e9liminatoires (groupe E) de la 33\u00e8me \u00e9dition de la CAN face \u00e0 la Mauritanie et le Burundi.<\/p>\n<p>Les Lions de l\u2019atlas seront en d\u00e9placement le 26 mars \u00e0 Nouakchott pour d\u00e9fier la s\u00e9lection mauritanienne (20h00 GMT+1), avant de croiser le fer avec le Burundi le 30 mars (20h00 GMT+1) au Complexe sportif Prince Moulay Abdallah de Rabat. Le Maroc occupe actuellement la t\u00eate du groupe E (10 pts) devan\u00e7ant de cinq points son dauphin, la Mauritanie, tandis que le Burundi se classe troisi\u00e8me (4 pts) et la R\u00e9publique centrafricaine est lanterne rouge du groupe (3pts).<\/p>\n<p>Ci-apr\u00e8s la liste des 24 joueurs retenus : \u2013Gardiens :\u00a0 Yassine Bounou (Seville FC), Mounir El Kajoui (Hataysport), Anas Zniti (Raja de Casablanca)\u00a0 \u2013D\u00e9fenseurs:\u00a0 Soufiane Chakla (Getafe), Ghanem Saiss (Wolverhampton), Zouhair Feddal (Sporting Lisbonne), Nayef Aguerd (Stade Rennais)\u00a0 \u2013Arri\u00e8res lat\u00e9raux :<br \/>Achraf Hakimi (Inter Milan), Issam Chebake (Yeni Malatyasport), Nabil Dirar (Club de Bruges), Adam Massina (Watford)\u00a0 \u2013Milieux de terrain :\u00a0 Soufiane Amrabat (Fiorentina), Yahya Jabrane (Wydad de Casablanca), Aymane Berkouk (Frankfort), Oussama tannane (Vitesse Arnhem), Selim Amallah (Stadard Li\u00e8ge), Adel taarabet (Benfica) \u2013Attaquants:<br \/>Hakim Ziyech (Chelsea), Zakaria Boukhlal (Az Alkamaar), Soufiane Rahimi (Raja de Casablanca), Youssef El Arabi (Olympiakos), Youssef En-Nesyri (FC S\u00e9ville), Ayoub El Kaabi (Wydad de Casablanca), Munir El Haddadi (FC S\u00e9ville).<\/p>\n<p>Auteur: M&rsquo;hammed rahal<br \/>\n<a href=\"http:\/\/albayane.press.ma\/%EF%BB%BFvahid-halilhodzic-devoile-la-liste-des-joueurs-retenus.html\">Cliquez ici pour lire l&rsquo;article depuis sa source.<\/a><\/p>\n","protected":false},"excerpt":{"rendered":"<p>\u00c9liminatoires CAN-2021 (5\u00e8 et 6\u00e8 journ\u00e9e) Le s\u00e9lectionneur national Vahid Halilhodzic a d\u00e9voil\u00e9, jeudi \u00e0 Sal\u00e9, la liste des joueurs retenus pour disputer les prochains matchs des \u00e9liminatoires de la Coupe d\u2019Afrique des Nations (CAN-2021). Lors d\u2019une conf\u00e9rence de presse tenue au Centre Mohammed VI de football de Maamoura, le s\u00e9lectionneur a expliqu\u00e9 ses choix [&hellip;]<\/p>\n","protected":false},"author":1760,"featured_media":0,"comment_status":"closed","ping_status":"closed","sticky":false,"template":"","format":"standard","meta":{"fifu_image_url":"","fifu_image_alt":"","footnotes":""},"categories":[73,54],"tags":[],"class_list":["post-113358","post","type-post","status-publish","format-standard","hentry","category-actualite","category-maroc"],"_links":{"self":[{"href":"https:\/\/linitiative.ca\/International\/wp-json\/wp\/v2\/posts\/113358","targetHints":{"allow":["GET"]}}],"collection":[{"href":"https:\/\/linitiative.ca\/International\/wp-json\/wp\/v2\/posts"}],"about":[{"href":"https:\/\/linitiative.ca\/International\/wp-json\/wp\/v2\/types\/post"}],"author":[{"embeddable":true,"href":"https:\/\/linitiative.ca\/International\/wp-json\/wp\/v2\/users\/1760"}],"replies":[{"embeddable":true,"href":"https:\/\/linitiative.ca\/International\/wp-json\/wp\/v2\/comments?post=113358"}],"version-history":[{"count":0,"href":"https:\/\/linitiative.ca\/International\/wp-json\/wp\/v2\/posts\/113358\/revisions"}],"wp:attachment":[{"href":"https:\/\/linitiative.ca\/International\/wp-json\/wp\/v2\/media?parent=113358"}],"wp:term":[{"taxonomy":"category","embeddable":true,"href":"https:\/\/linitiative.ca\/International\/wp-json\/wp\/v2\/categories?post=113358"},{"taxonomy":"post_tag","embeddable":true,"href":"https:\/\/linitiative.ca\/International\/wp-json\/wp\/v2\/tags?post=113358"}],"curies":[{"name":"wp","href":"https:\/\/api.w.org\/{rel}","templated":true}]}}