{"id":113359,"date":"2021-03-18T14:00:59","date_gmt":"2021-03-18T18:00:59","guid":{"rendered":"https:\/\/linitiative.ca\/International\/%ef%bb%bfle-raja-confirme-la-rs-berkane-chute\/"},"modified":"2021-03-18T14:00:59","modified_gmt":"2021-03-18T18:00:59","slug":"%ef%bb%bfle-raja-confirme-la-rs-berkane-chute","status":"publish","type":"post","link":"https:\/\/linitiative.ca\/International\/%ef%bb%bfle-raja-confirme-la-rs-berkane-chute\/","title":{"rendered":"\ufeffLe Raja confirme, la RS Berkane chute"},"content":{"rendered":"<p class=\"has-text-color has-vivid-red-color c1\"><strong>Coupe de la CAF (Groupe D\/2\u00e8 journ\u00e9e)<\/strong><\/p>\n<p><strong>La 2\u00e8 journ\u00e9e de la Coupe de la Conf\u00e9d\u00e9ration africaine de football (CAF) a bien tourne au Raja de Casablanca vainqueur \u00e0 l\u2019ext\u00e9rieur alors qu\u2019elle n\u2019a pas \u00e9t\u00e9 b\u00e9n\u00e9fique pour la Renaissance Sportive de Berkane qui a chut\u00e9 \u00e9galement \u00e0 l\u2019ext\u00e9rieur.<\/strong><\/p>\n<p>Le Raja Casablanca s\u2019est impos\u00e9 en d\u00e9placement face aux Zambiens de Nkana FC sur le score de 2 buts \u00e0 0 en match comptant pour la 2\u00e8 journ\u00e9e (Groupe D) de la Coupe CAF.<\/p>\n<p>En premi\u00e8re p\u00e9riode, les hommes de Jamal Sellami ont cr\u00e9\u00e9 plusieurs occasions mais sans pour autant r\u00e9ussir \u00e0 les transformer en buts.<\/p>\n<p>D\u00e8s l\u2019entame de la seconde p\u00e9riode, Soufiane Rahimi a d\u00e9livr\u00e9 les Rajaouis en ouvrant le score sur penalty (47 e), avant que son co\u00e9quipier Noah Sadaoui ne creuse l\u2019\u00e9cart \u00e0 la 87 e minute.<\/p>\n<p>Gr\u00e2ce \u00e0 cette victoire, les Verts s\u2019emparent du fauteuil de leader du groupe avec six points, ex \u00e6quo avec les \u00c9gyptiens du Pyramids qui ont battu les Tanzaniens de Namungo sur le score de 2-0.<\/p>\n<p>Pour le compte de la troisi\u00e8me journ\u00e9e, le Raja recevra le 4 avril les Pyramids dans un match d\u00e9cisif pour le leadership du groupe.<\/p>\n<p>Dans l\u2019autre rencontre de cette journ\u00e9e, malgr\u00e9 une bonne entr\u00e9e en lice dans la comp\u00e9tition africaine avec une victoire lors de la premi\u00e8re journ\u00e9e face aux Zambiens de NAPSA Stars (2-0), les Berkanis reviennent bredouille de leur d\u00e9placement \u00e0 Garoua pour cette deuxi\u00e8me journ\u00e9e de la comp\u00e9tition africaine.<\/p>\n<p>Peu entreprenants offensivement, les tenants du titre ont \u00e9t\u00e9 pris de court par les Camerounais qui ont ouvert le score \u00e0 la 54\u00e8 minute de jeu gr\u00e2ce \u00e0 Souaibou Marou.<\/p>\n<p>L\u2019entr\u00e9e en jeu d\u2019Alain Traor\u00e9 et de Hamada Laachir a bonifi\u00e9 le jeu offensif des Berkanis qui ont multipli\u00e9 les assauts sur les buts gard\u00e9s d\u2019une main de fer par le portier camerounais.<\/p>\n<p>Alors qu\u2019on s\u2019attendait \u00e0 un but de l\u2019\u00e9galisation et contre le cours du jeu, les Camerounais ont r\u00e9ussi \u00e0 doubler la mise sur une perc\u00e9e de Sibiri Sanou (72\u00e8) qui permet aux siens de d\u00e9crocher une pr\u00e9cieuse victoire \u00e0 domicile face aux tenants du titre.<\/p>\n<p>Au terme de la rencontre, la Renaissance occupe la 2\u00e8 position avec trois points, ex aequo avec son adversaire du jour. Lors de la troisi\u00e8me journ\u00e9e (4 avril), les Berkanis recevront la JS Kabylie, tandis que le Coton Sport sera en d\u00e9placement en Zambie pour d\u00e9fier les NAPSA Stars.<\/p>\n<p>Auteur: M&rsquo;hammed rahal<br \/>\n<a href=\"http:\/\/albayane.press.ma\/%EF%BB%BFle-raja-confirme-la-rs-berkane-chute.html\">Cliquez ici pour lire l&rsquo;article depuis sa source.<\/a><\/p>\n","protected":false},"excerpt":{"rendered":"<p>Coupe de la CAF (Groupe D\/2\u00e8 journ\u00e9e) La 2\u00e8 journ\u00e9e de la Coupe de la Conf\u00e9d\u00e9ration africaine de football (CAF) a bien tourne au Raja de Casablanca vainqueur \u00e0 l\u2019ext\u00e9rieur alors qu\u2019elle n\u2019a pas \u00e9t\u00e9 b\u00e9n\u00e9fique pour la Renaissance Sportive de Berkane qui a chut\u00e9 \u00e9galement \u00e0 l\u2019ext\u00e9rieur. Le Raja Casablanca s\u2019est impos\u00e9 en d\u00e9placement [&hellip;]<\/p>\n","protected":false},"author":1760,"featured_media":0,"comment_status":"closed","ping_status":"closed","sticky":false,"template":"","format":"standard","meta":{"fifu_image_url":"","fifu_image_alt":"","footnotes":""},"categories":[73,54],"tags":[],"class_list":["post-113359","post","type-post","status-publish","format-standard","hentry","category-actualite","category-maroc"],"_links":{"self":[{"href":"https:\/\/linitiative.ca\/International\/wp-json\/wp\/v2\/posts\/113359","targetHints":{"allow":["GET"]}}],"collection":[{"href":"https:\/\/linitiative.ca\/International\/wp-json\/wp\/v2\/posts"}],"about":[{"href":"https:\/\/linitiative.ca\/International\/wp-json\/wp\/v2\/types\/post"}],"author":[{"embeddable":true,"href":"https:\/\/linitiative.ca\/International\/wp-json\/wp\/v2\/users\/1760"}],"replies":[{"embeddable":true,"href":"https:\/\/linitiative.ca\/International\/wp-json\/wp\/v2\/comments?post=113359"}],"version-history":[{"count":0,"href":"https:\/\/linitiative.ca\/International\/wp-json\/wp\/v2\/posts\/113359\/revisions"}],"wp:attachment":[{"href":"https:\/\/linitiative.ca\/International\/wp-json\/wp\/v2\/media?parent=113359"}],"wp:term":[{"taxonomy":"category","embeddable":true,"href":"https:\/\/linitiative.ca\/International\/wp-json\/wp\/v2\/categories?post=113359"},{"taxonomy":"post_tag","embeddable":true,"href":"https:\/\/linitiative.ca\/International\/wp-json\/wp\/v2\/tags?post=113359"}],"curies":[{"name":"wp","href":"https:\/\/api.w.org\/{rel}","templated":true}]}}