{"id":113361,"date":"2021-03-18T19:49:07","date_gmt":"2021-03-18T23:49:07","guid":{"rendered":"https:\/\/linitiative.ca\/International\/installation-du-nouveau-directeur-provincial-du-ministere-de-la-justice\/"},"modified":"2021-03-18T19:49:07","modified_gmt":"2021-03-18T23:49:07","slug":"installation-du-nouveau-directeur-provincial-du-ministere-de-la-justice","status":"publish","type":"post","link":"https:\/\/linitiative.ca\/International\/installation-du-nouveau-directeur-provincial-du-ministere-de-la-justice\/","title":{"rendered":"Installation du nouveau directeur provincial du minist\u00e8re de la Justice"},"content":{"rendered":"<div readability=\"38\">\n<p>Marrakech \u2013 La c\u00e9r\u00e9monie d\u2019installation du nouveau directeur provincial du minist\u00e8re de la Justice dans la circonscription judiciaire de la Cour d\u2019appel de Marrakech, Moulay Said Assifi a eu lieu jeudi, au si\u00e8ge de cette juridiction de la cit\u00e9 ocre et ce, en remplacement de Moulay Said Charfi appel\u00e9 \u00e0 occuper le m\u00eame poste \u00e0 Casablanca.<\/p>\n<\/div>\n<div readability=\"77\">\n<p>Cette c\u00e9r\u00e9monie a \u00e9t\u00e9 rehauss\u00e9e par la pr\u00e9sence notamment, du ministre de la Justice, M. Mohamed Ben Abdelkader, du premier pr\u00e9sident de la Cour d\u2019Appel, M. Ahmed Nahid, outre des responsables judiciaires et administratifs, ainsi que des repr\u00e9sentants des autorit\u00e9s locales et d\u2019autres corps de professions judiciaires.<\/p>\n<p>Dans une allocution de circonstance, M. Assifi a qualifi\u00e9 sa nomination \u00e0 ce poste de \u00ab\u00a0lourde responsabilit\u00e9\u00a0\u00bb notamment, dans une circonscription judiciaire exceptionnelle comme celle de Marrakech, relevant que l\u2019accomplissement de sa mission dans d\u2019excellentes conditions, requiert de consentir davantage d\u2019efforts et d\u2019abn\u00e9gation, tout en se r\u00e9f\u00e9rant constamment au principe de la corr\u00e9lation entre responsabilit\u00e9 et reddition des comptes, tel que stipul\u00e9 dans la Constitution.<\/p>\n<p>Dans ce cadre, il a indiqu\u00e9 que la mise en \u0153uvre des principes de la Constitution relatifs au principe de la s\u00e9paration des pouvoirs et \u00e0 leur \u00e9quilibre, et la corr\u00e9lation entre responsabilit\u00e9 et reddition des comptes exige de la circonscription judiciaire de Marrakech d\u2019\u0153uvrer, en vue de concr\u00e9tiser le principe d\u2019une justice de proximit\u00e9, toujours plus proche du citoyen et facilement accessible, \u00e0 m\u00eame de servir de \u00ab\u00a0soupape de s\u00e9curit\u00e9\u00a0\u00bb qui se dresse comme une barri\u00e8re contre la d\u00e9rive et consacre l\u2019Etat de droit et des institutions.<\/p>\n<p>Et de noter que l\u2019interaction avec les grandes attentes du syst\u00e8me judiciaire et la r\u00e9alisation de l\u2019efficacit\u00e9 n\u00e9cessaire dans la gestion optimale passent par l\u2019\u00e9tablissement d\u2019un plan de gestion, avec des objectifs clairs tir\u00e9s de la strat\u00e9gie du minist\u00e8re de la Justice, qui fait de la bonne gouvernance, l\u2019un de ses fondements majeurs.<\/p>\n<p>Dans une d\u00e9claration \u00e0 la presse, M. Ben Abdelkader a soulign\u00e9 que cette nomination s\u2019inscrit dans le cadre de la politique du minist\u00e8re visant \u00e0 insuffler une nouvelle dynamique au niveau des postes de responsabilit\u00e9 relevant du secteur de la justice, souhaitant plein succ\u00e8s au nouveau directeur provincial de la circonscription judiciaire de la Cour d\u2019Appel de Marrakech dans ses nouvelles fonctions.<\/p>\n<\/div>\n<p>Auteur: Meriem IGASS<br \/>\n<a href=\"http:\/\/www.mapmarrakech.ma\/fr\/installation-du-nouveau-directeur-provincial-du-ministere-de-la-justice\/\">Cliquez ici pour lire l&rsquo;article depuis sa source.<\/a><\/p>\n","protected":false},"excerpt":{"rendered":"<p>Marrakech \u2013 La c\u00e9r\u00e9monie d\u2019installation du nouveau directeur provincial du minist\u00e8re de la Justice dans la circonscription judiciaire de la Cour d\u2019appel de Marrakech, Moulay Said Assifi a eu lieu jeudi, au si\u00e8ge de cette juridiction de la cit\u00e9 ocre et ce, en remplacement de Moulay Said Charfi appel\u00e9 \u00e0 occuper le m\u00eame poste \u00e0 [&hellip;]<\/p>\n","protected":false},"author":1788,"featured_media":0,"comment_status":"closed","ping_status":"closed","sticky":false,"template":"","format":"standard","meta":{"fifu_image_url":"","fifu_image_alt":"","footnotes":""},"categories":[54,76],"tags":[],"class_list":["post-113361","post","type-post","status-publish","format-standard","hentry","category-maroc","category-regions"],"_links":{"self":[{"href":"https:\/\/linitiative.ca\/International\/wp-json\/wp\/v2\/posts\/113361","targetHints":{"allow":["GET"]}}],"collection":[{"href":"https:\/\/linitiative.ca\/International\/wp-json\/wp\/v2\/posts"}],"about":[{"href":"https:\/\/linitiative.ca\/International\/wp-json\/wp\/v2\/types\/post"}],"author":[{"embeddable":true,"href":"https:\/\/linitiative.ca\/International\/wp-json\/wp\/v2\/users\/1788"}],"replies":[{"embeddable":true,"href":"https:\/\/linitiative.ca\/International\/wp-json\/wp\/v2\/comments?post=113361"}],"version-history":[{"count":0,"href":"https:\/\/linitiative.ca\/International\/wp-json\/wp\/v2\/posts\/113361\/revisions"}],"wp:attachment":[{"href":"https:\/\/linitiative.ca\/International\/wp-json\/wp\/v2\/media?parent=113361"}],"wp:term":[{"taxonomy":"category","embeddable":true,"href":"https:\/\/linitiative.ca\/International\/wp-json\/wp\/v2\/categories?post=113361"},{"taxonomy":"post_tag","embeddable":true,"href":"https:\/\/linitiative.ca\/International\/wp-json\/wp\/v2\/tags?post=113361"}],"curies":[{"name":"wp","href":"https:\/\/api.w.org\/{rel}","templated":true}]}}