{"id":113362,"date":"2021-03-19T07:11:22","date_gmt":"2021-03-19T11:11:22","guid":{"rendered":"https:\/\/linitiative.ca\/International\/commission-interministerielle-reunion-sur-la-reforme-des-cri\/"},"modified":"2021-03-19T07:11:22","modified_gmt":"2021-03-19T11:11:22","slug":"commission-interministerielle-reunion-sur-la-reforme-des-cri","status":"publish","type":"post","link":"https:\/\/linitiative.ca\/International\/commission-interministerielle-reunion-sur-la-reforme-des-cri\/","title":{"rendered":"Commission interminist\u00e9rielle: R\u00e9union sur la r\u00e9forme des CRI"},"content":{"rendered":"<div class=\"single-featured\"><img alt=\"\" data-src=\"http:\/\/www.mapmarrakech.ma\/map\/uploads\/2021\/03\/otmani.jpg\"\/><\/div>\n<div class=\"single-post-excerpt post-excerpt-bc\" readability=\"37\">\n<p>Le Chef du gouvernement, Saad Dine El Otmani a pr\u00e9sid\u00e9, jeudi \u00e0 Rabat, une r\u00e9union de la commission interminist\u00e9rielle de pilotage de la r\u00e9forme des Centres r\u00e9gionaux d\u2019investissements (CRI).<\/p>\n<\/div>\n<div class=\"entry-content clearfix single-post-content\" readability=\"56\">\n<p>Cette r\u00e9union a \u00e9t\u00e9 consacr\u00e9e \u00e0 l\u2019\u00e9tude des recours d\u00e9pos\u00e9s par les investisseurs concernant les d\u00e9cisions des Commissions r\u00e9gionales unifi\u00e9es d\u2019investissement (CRUI), conform\u00e9ment \u00e0 l\u2019article 37 de la loi n\u00b0 47-18 portant r\u00e9forme des Centres r\u00e9gionaux d\u2019investissement et cr\u00e9ation des Commissions r\u00e9gionales unifi\u00e9es d\u2019investissement, indique un communiqu\u00e9 du d\u00e9partement du Chef du gouvernement.<\/p>\n<p>Au d\u00e9but de cette r\u00e9union, les membres de la commission ont suivi un expos\u00e9 du ministre d\u00e9l\u00e9gu\u00e9 aupr\u00e8s du ministre de l\u2019Int\u00e9rieur sur le bilan de suivi de la mise en \u0153uvre des d\u00e9cisions rendues par la commission pr\u00e9c\u00e9dente, ajoute le communiqu\u00e9.<\/p>\n<p>Les membres de la commission se sont \u00e9galement pench\u00e9s sur les recours qui lui ont \u00e9t\u00e9 soumis contre les d\u00e9cisions n\u00e9gatives rendues par les CRUI, et se sont prononc\u00e9s \u00e0 leur sujet conform\u00e9ment aux dispositions juridiques en vigueur, note la m\u00eame source.<\/p>\n<p>Le secr\u00e9taire g\u00e9n\u00e9ral du gouvernement, le ministre d\u00e9l\u00e9gu\u00e9 aupr\u00e8s du ministre de l\u2019Int\u00e9rieur, les secr\u00e9taires g\u00e9n\u00e9raux et les repr\u00e9sentants des d\u00e9partements minist\u00e9riels membres de cette commission ont \u00e9galement pris part \u00e0 cette r\u00e9union, conclut le communiqu\u00e9.<\/p>\n<\/div>\n<p>Auteur: Meriem IGASS<br \/>\n<a href=\"http:\/\/www.mapmarrakech.ma\/fr\/commission-interministerielle-reunion-sur-la-reforme-des-cri\/\">Cliquez ici pour lire l&rsquo;article depuis sa source.<\/a><\/p>\n","protected":false},"excerpt":{"rendered":"<p>Le Chef du gouvernement, Saad Dine El Otmani a pr\u00e9sid\u00e9, jeudi \u00e0 Rabat, une r\u00e9union de la commission interminist\u00e9rielle de pilotage de la r\u00e9forme des Centres r\u00e9gionaux d\u2019investissements (CRI). Cette r\u00e9union a \u00e9t\u00e9 consacr\u00e9e \u00e0 l\u2019\u00e9tude des recours d\u00e9pos\u00e9s par les investisseurs concernant les d\u00e9cisions des Commissions r\u00e9gionales unifi\u00e9es d\u2019investissement (CRUI), conform\u00e9ment \u00e0 l\u2019article 37 [&hellip;]<\/p>\n","protected":false},"author":1788,"featured_media":0,"comment_status":"closed","ping_status":"closed","sticky":false,"template":"","format":"standard","meta":{"fifu_image_url":"http:\/\/www.mapmarrakech.ma\/map\/uploads\/2021\/03\/otmani.jpg","fifu_image_alt":"Commission interminist\u00e9rielle: R\u00e9union sur la r\u00e9forme des CRI","footnotes":""},"categories":[54,76],"tags":[],"class_list":["post-113362","post","type-post","status-publish","format-standard","hentry","category-maroc","category-regions"],"_links":{"self":[{"href":"https:\/\/linitiative.ca\/International\/wp-json\/wp\/v2\/posts\/113362","targetHints":{"allow":["GET"]}}],"collection":[{"href":"https:\/\/linitiative.ca\/International\/wp-json\/wp\/v2\/posts"}],"about":[{"href":"https:\/\/linitiative.ca\/International\/wp-json\/wp\/v2\/types\/post"}],"author":[{"embeddable":true,"href":"https:\/\/linitiative.ca\/International\/wp-json\/wp\/v2\/users\/1788"}],"replies":[{"embeddable":true,"href":"https:\/\/linitiative.ca\/International\/wp-json\/wp\/v2\/comments?post=113362"}],"version-history":[{"count":0,"href":"https:\/\/linitiative.ca\/International\/wp-json\/wp\/v2\/posts\/113362\/revisions"}],"wp:attachment":[{"href":"https:\/\/linitiative.ca\/International\/wp-json\/wp\/v2\/media?parent=113362"}],"wp:term":[{"taxonomy":"category","embeddable":true,"href":"https:\/\/linitiative.ca\/International\/wp-json\/wp\/v2\/categories?post=113362"},{"taxonomy":"post_tag","embeddable":true,"href":"https:\/\/linitiative.ca\/International\/wp-json\/wp\/v2\/tags?post=113362"}],"curies":[{"name":"wp","href":"https:\/\/api.w.org\/{rel}","templated":true}]}}