{"id":113365,"date":"2021-03-19T10:47:51","date_gmt":"2021-03-19T14:47:51","guid":{"rendered":"https:\/\/linitiative.ca\/International\/partenariat-pour-soutenir-la-participation-du-maroc-au-sdme-2021-2\/"},"modified":"2021-03-19T10:47:51","modified_gmt":"2021-03-19T14:47:51","slug":"partenariat-pour-soutenir-la-participation-du-maroc-au-sdme-2021-2","status":"publish","type":"post","link":"https:\/\/linitiative.ca\/International\/partenariat-pour-soutenir-la-participation-du-maroc-au-sdme-2021-2\/","title":{"rendered":"Partenariat pour soutenir la participation du Maroc au SDME 2021"},"content":{"rendered":"<p><iframe loading=\"lazy\" width=\"1170\" height=\"658\" src=\"https:\/\/www.youtube.com\/embed\/Y_2hafVLkIY?feature=oembed\" frameborder=\"0\" allow=\"accelerometer; autoplay; clipboard-write; encrypted-media; gyroscope; picture-in-picture\" allowfullscreen=\"allowfullscreen\">[embedded content]<\/iframe><\/p>\n<div class=\"single-post-excerpt post-excerpt-bc\" readability=\"38\">\n<p>L\u2019Universit\u00e9 Moulay Ismail de Mekn\u00e8s (UMI) et l\u2019Institut de Recherche en Energie solaire et en Energies Nouvelles (IRESEN) ont officialis\u00e9, jeudi \u00e0 Benguerir (province de Rehamna), leur partenariat visant \u00e0 soutenir la participation du Maroc au Solar Decathlon Middle East (SDME 2021), pr\u00e9vu en octobre et novembre prochains \u00e0 Duba\u00ef.<\/p>\n<\/div>\n<p>Auteur: Meriem IGASS<br \/>\n<a href=\"http:\/\/www.mapmarrakech.ma\/fr\/partenariat-pour-soutenir-la-participation-du-maroc-au-sdme-2021-2\/\">Cliquez ici pour lire l&rsquo;article depuis sa source.<\/a><\/p>\n","protected":false},"excerpt":{"rendered":"<p>[embedded content] L\u2019Universit\u00e9 Moulay Ismail de Mekn\u00e8s (UMI) et l\u2019Institut de Recherche en Energie solaire et en Energies Nouvelles (IRESEN) ont officialis\u00e9, jeudi \u00e0 Benguerir (province de Rehamna), leur partenariat visant \u00e0 soutenir la participation du Maroc au Solar Decathlon Middle East (SDME 2021), pr\u00e9vu en octobre et novembre prochains \u00e0 Duba\u00ef. Auteur: Meriem IGASS [&hellip;]<\/p>\n","protected":false},"author":1788,"featured_media":0,"comment_status":"closed","ping_status":"closed","sticky":false,"template":"","format":"standard","meta":{"fifu_image_url":"","fifu_image_alt":"","footnotes":""},"categories":[54,76],"tags":[],"class_list":["post-113365","post","type-post","status-publish","format-standard","hentry","category-maroc","category-regions"],"_links":{"self":[{"href":"https:\/\/linitiative.ca\/International\/wp-json\/wp\/v2\/posts\/113365","targetHints":{"allow":["GET"]}}],"collection":[{"href":"https:\/\/linitiative.ca\/International\/wp-json\/wp\/v2\/posts"}],"about":[{"href":"https:\/\/linitiative.ca\/International\/wp-json\/wp\/v2\/types\/post"}],"author":[{"embeddable":true,"href":"https:\/\/linitiative.ca\/International\/wp-json\/wp\/v2\/users\/1788"}],"replies":[{"embeddable":true,"href":"https:\/\/linitiative.ca\/International\/wp-json\/wp\/v2\/comments?post=113365"}],"version-history":[{"count":0,"href":"https:\/\/linitiative.ca\/International\/wp-json\/wp\/v2\/posts\/113365\/revisions"}],"wp:attachment":[{"href":"https:\/\/linitiative.ca\/International\/wp-json\/wp\/v2\/media?parent=113365"}],"wp:term":[{"taxonomy":"category","embeddable":true,"href":"https:\/\/linitiative.ca\/International\/wp-json\/wp\/v2\/categories?post=113365"},{"taxonomy":"post_tag","embeddable":true,"href":"https:\/\/linitiative.ca\/International\/wp-json\/wp\/v2\/tags?post=113365"}],"curies":[{"name":"wp","href":"https:\/\/api.w.org\/{rel}","templated":true}]}}