{"id":113366,"date":"2021-03-19T15:14:07","date_gmt":"2021-03-19T19:14:07","guid":{"rendered":"https:\/\/linitiative.ca\/International\/equipe-dalgerie-belmadi-cest-un-veritable-casse-tete\/"},"modified":"2021-03-19T15:14:07","modified_gmt":"2021-03-19T19:14:07","slug":"equipe-dalgerie-belmadi-cest-un-veritable-casse-tete","status":"publish","type":"post","link":"https:\/\/linitiative.ca\/International\/equipe-dalgerie-belmadi-cest-un-veritable-casse-tete\/","title":{"rendered":"Equipe d&rsquo;Alg\u00e9rie : Belmadi: \u00abC&rsquo;est un v\u00e9ritable casse-t\u00eate\u00bb"},"content":{"rendered":"<div readability=\"32\">\n<p>Auteur : <span class=\"time\">vendredi 19 mars 2021 16:51<\/span><\/p>\n<\/div>\n<div id=\"post_core\" readability=\"47\">\n<p>Le s\u00e9lectionneur national, Djamel Belmadi, a regrett\u00e9 la d\u00e9cision prise par la Ligue fran\u00e7aise de football professionnel, de retenir les joueurs internationaux amen\u00e9s \u00e0 \u00e9voluer hors de l&rsquo;Union europ\u00e9enne, privant ainsi la s\u00e9lection alg\u00e9rienne des services de plusieurs \u00e9l\u00e9ments, lors des deux derniers matchs des qualifications de la CAN-2021, d\u00e9cal\u00e9e \u00e0 2022: \u00ab\u00a0C&rsquo;est un v\u00e9ritable casse-t\u00eate. C&rsquo;est le cas de toutes les s\u00e9lections africaines, notamment celles majoritairement compos\u00e9es de joueurs \u00e9voluant en championnat de France. J&rsquo;essaye de voir les choses du bon c\u00f4t\u00e9 dans ce genre de situation, il faut toujours trouver des solutions. Dans ce genre de circonstances, qui a priori paraissent n\u00e9gatives et compliqu\u00e9es, il est toujours important de voir quelles solutions adopter\u00a0\u00bb, a indiqu\u00e9 Belmadi, dans une d\u00e9claration accord\u00e9e jeudi soir \u00e0 la t\u00e9l\u00e9vision nationale.<\/p>\n<p><strong>Publi\u00e9 dans :<\/strong> <span>Belmadi<\/span><\/p>\n<\/div>\n<p>Auteur:<br \/>\n<a href=\"http:\/\/www.lebuteur.com\/article\/detail?titre=belmadi-cest-un-veritable-casse-tete&#038;id=99443&#038;utm_source=feedburner&#038;utm_medium=feed&#038;utm_campaign=Feed%3A+GalerieFArtciles+%28Les+derniers+articles++-+lebuteur.com%29\">Cliquez ici pour lire l&rsquo;article depuis sa source.<\/a><\/p>\n","protected":false},"excerpt":{"rendered":"<p>Auteur : vendredi 19 mars 2021 16:51 Le s\u00e9lectionneur national, Djamel Belmadi, a regrett\u00e9 la d\u00e9cision prise par la Ligue fran\u00e7aise de football professionnel, de retenir les joueurs internationaux amen\u00e9s \u00e0 \u00e9voluer hors de l&rsquo;Union europ\u00e9enne, privant ainsi la s\u00e9lection alg\u00e9rienne des services de plusieurs \u00e9l\u00e9ments, lors des deux derniers matchs des qualifications de la [&hellip;]<\/p>\n","protected":false},"author":1738,"featured_media":0,"comment_status":"closed","ping_status":"closed","sticky":false,"template":"","format":"standard","meta":{"fifu_image_url":"\/\/cdn.lebuteur.com\/data\/images\/article\/thumbs\/large-belmadi-cest-un-veritable-casse-tete-c6cef.jpg","fifu_image_alt":"Equipe d'Alg\u00e9rie : Belmadi: \u00abC'est un v\u00e9ritable casse-t\u00eate\u00bb","footnotes":""},"categories":[53,75],"tags":[],"class_list":["post-113366","post","type-post","status-publish","format-standard","hentry","category-algerie","category-sport"],"_links":{"self":[{"href":"https:\/\/linitiative.ca\/International\/wp-json\/wp\/v2\/posts\/113366","targetHints":{"allow":["GET"]}}],"collection":[{"href":"https:\/\/linitiative.ca\/International\/wp-json\/wp\/v2\/posts"}],"about":[{"href":"https:\/\/linitiative.ca\/International\/wp-json\/wp\/v2\/types\/post"}],"author":[{"embeddable":true,"href":"https:\/\/linitiative.ca\/International\/wp-json\/wp\/v2\/users\/1738"}],"replies":[{"embeddable":true,"href":"https:\/\/linitiative.ca\/International\/wp-json\/wp\/v2\/comments?post=113366"}],"version-history":[{"count":0,"href":"https:\/\/linitiative.ca\/International\/wp-json\/wp\/v2\/posts\/113366\/revisions"}],"wp:attachment":[{"href":"https:\/\/linitiative.ca\/International\/wp-json\/wp\/v2\/media?parent=113366"}],"wp:term":[{"taxonomy":"category","embeddable":true,"href":"https:\/\/linitiative.ca\/International\/wp-json\/wp\/v2\/categories?post=113366"},{"taxonomy":"post_tag","embeddable":true,"href":"https:\/\/linitiative.ca\/International\/wp-json\/wp\/v2\/tags?post=113366"}],"curies":[{"name":"wp","href":"https:\/\/api.w.org\/{rel}","templated":true}]}}