{"id":113370,"date":"2021-03-19T15:14:15","date_gmt":"2021-03-19T19:14:15","guid":{"rendered":"https:\/\/linitiative.ca\/International\/afrique-togo-claude-le-roy-un-manque-de-respect-total-envers-lafrique\/"},"modified":"2021-03-19T15:14:15","modified_gmt":"2021-03-19T19:14:15","slug":"afrique-togo-claude-le-roy-un-manque-de-respect-total-envers-lafrique","status":"publish","type":"post","link":"https:\/\/linitiative.ca\/International\/afrique-togo-claude-le-roy-un-manque-de-respect-total-envers-lafrique\/","title":{"rendered":"Afrique : Togo, Claude Le Roy : \u00ab\u00a0Un manque de respect total envers l&rsquo;Afrique\u00a0\u00bb"},"content":{"rendered":"<div readability=\"32\">\n<p>Auteur : <span class=\"time\">vendredi 19 mars 2021 19:42<\/span><\/p>\n<\/div>\n<div id=\"post_core\" readability=\"69\">\n<p>Irrit\u00e9 par les r\u00e8gles impos\u00e9es par la FIFA et certains clubs du Vieux Continent, le s\u00e9lectionneur du Togo, Claude Le Roy, n&rsquo;a pas r\u00e9ussi \u00e0 contenir sa col\u00e8re face \u00e0 ce qu&rsquo;il estime \u00eatre une mascarade.<\/p>\n<p>\u00ab\u00a0C&rsquo;est parfaitement regrettable. C&rsquo;est un manque de respect total envers l&rsquo;Afrique, un continent qui a tant apport\u00e9 au football fran\u00e7ais. Les clubs fran\u00e7ais ont des int\u00e9r\u00eats \u00e0 d\u00e9fendre, ce que je peux concevoir. Mais la vitesse \u00e0 laquelle ils ont su s&rsquo;engouffrer dans la br\u00e8che cr\u00e9\u00e9e par la FIFA est assez incroyable. J&rsquo;ai entendu dire, pourtant, que certains clubs \u00e9taient d&rsquo;accord pour laisser partir leurs internationaux africains. Et finalement, on leur dit non, presque au dernier moment. Imaginez la d\u00e9ception, la frustration, pour ces joueurs, lesquels, pour certains, s&rsquo;appr\u00eataient \u00e0 disputer des matchs d\u00e9cisifs en vue de la qualification pour la CAN !\u00a0\u00bb, s&rsquo;est emport\u00e9 le patron des \u00c9perviers dans un entretien accord\u00e9 \u00e0 So Foot et comme rapport\u00e9 par Maxifoot.<\/p>\n<p>\u00ab\u00a0Encore une fois, la FIFA est path\u00e9tique. Sans cette directive, nous n&rsquo;en serions pas l\u00e0. Elle privil\u00e9gie les clubs, sans tenir compte des s\u00e9lections. Certaines d&rsquo;entre elles vont \u00eatre priv\u00e9es de six, sept, huit ou plus de dix joueurs, alors qu&rsquo;elles vont disputer des matchs d\u00e9cisifs ! Ce n&rsquo;est pas s\u00e9rieux. O\u00f9 est l&rsquo;\u00e9quit\u00e9 sportive ? Gianni Infantino, le pr\u00e9sident de la FIFA, prend des d\u00e9cisions incompr\u00e9hensibles. Il dit vouloir faire progresser le football africain, mais il fait tout le contraire\u00a0\u00bb, s&rsquo;est plaint Le Roy.<\/p>\n<p><strong>Publi\u00e9 dans :<\/strong> <span>afrique<\/span><\/p>\n<\/div>\n<p>Auteur:<br \/>\n<a href=\"http:\/\/www.lebuteur.com\/article\/detail?titre=togo-claude-le-roy-un-manque-de-respect-total-envers-lafrique&#038;id=99447&#038;utm_source=feedburner&#038;utm_medium=feed&#038;utm_campaign=Feed%3A+GalerieFArtciles+%28Les+derniers+articles++-+lebuteur.com%29\">Cliquez ici pour lire l&rsquo;article depuis sa source.<\/a><\/p>\n","protected":false},"excerpt":{"rendered":"<p>Auteur : vendredi 19 mars 2021 19:42 Irrit\u00e9 par les r\u00e8gles impos\u00e9es par la FIFA et certains clubs du Vieux Continent, le s\u00e9lectionneur du Togo, Claude Le Roy, n&rsquo;a pas r\u00e9ussi \u00e0 contenir sa col\u00e8re face \u00e0 ce qu&rsquo;il estime \u00eatre une mascarade. \u00ab\u00a0C&rsquo;est parfaitement regrettable. C&rsquo;est un manque de respect total envers l&rsquo;Afrique, un [&hellip;]<\/p>\n","protected":false},"author":1738,"featured_media":0,"comment_status":"closed","ping_status":"closed","sticky":false,"template":"","format":"standard","meta":{"fifu_image_url":"\/\/cdn.lebuteur.com\/data\/images\/article\/thumbs\/large-togo-claude-le-roy-un-manque-de-respect-total-envers-lafrique-578f2.jpg","fifu_image_alt":"Afrique : Togo, Claude Le Roy : \"Un manque de respect total envers l'Afrique\"","footnotes":""},"categories":[53,75],"tags":[],"class_list":["post-113370","post","type-post","status-publish","format-standard","hentry","category-algerie","category-sport"],"_links":{"self":[{"href":"https:\/\/linitiative.ca\/International\/wp-json\/wp\/v2\/posts\/113370","targetHints":{"allow":["GET"]}}],"collection":[{"href":"https:\/\/linitiative.ca\/International\/wp-json\/wp\/v2\/posts"}],"about":[{"href":"https:\/\/linitiative.ca\/International\/wp-json\/wp\/v2\/types\/post"}],"author":[{"embeddable":true,"href":"https:\/\/linitiative.ca\/International\/wp-json\/wp\/v2\/users\/1738"}],"replies":[{"embeddable":true,"href":"https:\/\/linitiative.ca\/International\/wp-json\/wp\/v2\/comments?post=113370"}],"version-history":[{"count":0,"href":"https:\/\/linitiative.ca\/International\/wp-json\/wp\/v2\/posts\/113370\/revisions"}],"wp:attachment":[{"href":"https:\/\/linitiative.ca\/International\/wp-json\/wp\/v2\/media?parent=113370"}],"wp:term":[{"taxonomy":"category","embeddable":true,"href":"https:\/\/linitiative.ca\/International\/wp-json\/wp\/v2\/categories?post=113370"},{"taxonomy":"post_tag","embeddable":true,"href":"https:\/\/linitiative.ca\/International\/wp-json\/wp\/v2\/tags?post=113370"}],"curies":[{"name":"wp","href":"https:\/\/api.w.org\/{rel}","templated":true}]}}